{"id":149721,"date":"2018-08-22T00:00:23","date_gmt":"2018-08-22T03:00:23","guid":{"rendered":"https:\/\/www.redenoticia.com.br\/noticia\/?p=149721"},"modified":"2018-08-22T00:00:23","modified_gmt":"2018-08-22T03:00:23","slug":"pos-doutorado-em-ciencias-da-saude-com-bolsa-da-fapesp","status":"publish","type":"post","link":"https:\/\/www.redenoticia.com.br\/noticia\/2018\/pos-doutorado-em-ciencias-da-saude-com-bolsa-da-fapesp\/149721","title":{"rendered":"P\u00f3s-doutorado em ci\u00eancias da sa\u00fade com bolsa da FAPESP"},"content":{"rendered":"<p> Ag\u00eancia FAPESP\u00a0\u2013 Um projeto de pesquisa conduzido no Departamento de Psiquiatria da Faculdade de Medicina da USP abriu duas vagas de <strong><em>p\u00f3s-doutorado<\/em><\/strong> com bolsa da FAPESP. As inscri\u00e7\u00f5es poder\u00e3o ser feitas at\u00e9 dia 24 de agosto de 2018. As oportunidades s\u00e3o para o Projeto Tem\u00e1tico \u201c\u201d, coordenado pela professora\u00a0.<\/p>\n<p>O objetivo da pesquisa \u00e9 avaliar a efetividade e o custo-efetividade de uma interven\u00e7\u00e3o psicossocial para idosos com depress\u00e3o cadastrados em 20 Unidades B\u00e1sicas de Sa\u00fade (UBS) com a Estrat\u00e9gia Sa\u00fade da Fam\u00edlia no munic\u00edpio de Guarulhos (SP).<\/p>\n<p>Para uma das oportunidades, o bolsista atuar\u00e1 como coordenador da interven\u00e7\u00e3o psicossocial. Atividades do candidato incluem organizar a log\u00edstica dos atendimentos psicossociais, entrar em contato com os gerentes das 10 UBS alocadas para o grupo interven\u00e7\u00e3o, finalizar e testar aplicativo que ser\u00e1 utilizado durante os atendimentos psicossociais e dos manuais para treinamento dos agentes comunit\u00e1rios de sa\u00fade que realizar\u00e3o a interven\u00e7\u00e3o, entre outras. Para a vaga \u00e9 exigido doutorado em \u00e1reas relacionadas a Ci\u00eancias da Sa\u00fade.<\/p>\n<p>A outra vaga \u00e9 para coordenador de pesquisa, respons\u00e1vel pelas atividades relacionadas \u00e0 organiza\u00e7\u00e3o da log\u00edstica, coordena\u00e7\u00e3o e avalia\u00e7\u00e3o da coleta de dados do estudo.<\/p>\n<p>O selecionado tamb\u00e9m ser\u00e1 respons\u00e1vel por entrar em contato com os 20 gerentes das UBS participantes do estudo e coordenadores de sa\u00fade de Guarulhos, preparar e testar os protocolos de pesquisa, manuais e aplicativos utilizados para a coleta de dados, entre outras atividades.<\/p>\n<p>As inscri\u00e7\u00f5es ser\u00e3o recebidas exclusivamente por e-mail, com documentos anexos em formato PDF, para\u00a0scazufca@gmail.com, coordenadora do projeto. Os documentos necess\u00e1rios para a inscri\u00e7\u00e3o s\u00e3o curr\u00edculo Lattes, c\u00f3pia do certificado de doutor, duas cartas de recomenda\u00e7\u00e3o e carta explicando o interesse pela posi\u00e7\u00e3o e as qualifica\u00e7\u00f5es para participar do projeto.<\/p>\n<p>O processo seletivo ter\u00e1 duas fases. Na primeira, ser\u00e1 feita avalia\u00e7\u00e3o do perfil dos candidatos por meio da an\u00e1lise dos documentos enviados. A segunda etapa consistir\u00e1 de entrevistas com os candidatos (pessoalmente ou videoconfer\u00eancia). O resultado ser\u00e1 divulgado por e-mail ao final do processo seletivo.<\/p>\n<p>Mais informa\u00e7\u00f5es sobre as vagas em\u00a0\u00a0e\u00a0.<\/p>\n<p>As oportunidades est\u00e3o abertas a brasileiros e estrangeiros. Os selecionados receber\u00e3o Bolsa de P\u00f3s-Doutorado da FAPESP no valor de R$ 7.174,80 mensais (o valor ser\u00e1 de R$ 7.373,10 ap\u00f3s 1\u00ba de setembro de 2018) e Reserva T\u00e9cnica equivalente a 15% do valor anual da bolsa para atender a despesas imprevistas e diretamente relacionadas \u00e0 atividade de pesquisa.<\/p>\n<p>Caso os bolsistas de PD residam em domic\u00edlios diferentes e precisem se mudar para a cidade onde se localiza a institui\u00e7\u00e3o-sede da pesquisa, poder\u00e3o ter direito a um Aux\u00edlio-Instala\u00e7\u00e3o. Mais informa\u00e7\u00f5es sobre a Bolsa de P\u00f3s-Doutorado da FAPESP est\u00e3o dispon\u00edveis em\u00a0.<\/p>\n<p>Outras vagas de bolsas, em diversas \u00e1reas do conhecimento, est\u00e3o no site FAPESP-Oportunidades, em\u00a0.<\/p>\n","protected":false},"excerpt":{"rendered":"<p>Ag\u00eancia FAPESP\u00a0\u2013 Um projeto de pesquisa conduzido no Departamento de Psiquiatria da Faculdade de Medicina da USP abriu duas vagas de p\u00f3s-doutorado com bolsa da FAPESP. As inscri\u00e7\u00f5es poder\u00e3o ser feitas at\u00e9 dia 24 de agosto de 2018. As oportunidades s\u00e3o para o Projeto Tem\u00e1tico \u201c\u201d, coordenado pela professora\u00a0. O objetivo da pesquisa \u00e9 avaliar [&hellip;]<\/p>\n","protected":false},"author":2,"featured_media":148096,"comment_status":"open","ping_status":"closed","sticky":false,"template":"","format":"standard","meta":{"_genesis_hide_title":false,"_genesis_hide_breadcrumbs":false,"_genesis_hide_singular_image":false,"_genesis_hide_footer_widgets":false,"_genesis_custom_body_class":"","_genesis_custom_post_class":"","_genesis_layout":"","_jetpack_memberships_contains_paid_content":false,"footnotes":""},"categories":[22,370,353],"tags":[],"class_list":{"0":"post-149721","1":"post","2":"type-post","3":"status-publish","4":"format-standard","5":"has-post-thumbnail","7":"category-brasil","8":"category-inscricao","9":"category-oportunidades","10":"entry","11":"gs-1","12":"gs-odd","13":"gs-even","14":"gs-featured-content-entry"},"jetpack_featured_media_url":"https:\/\/www.redenoticia.com.br\/noticia\/imagens\/saude-diagnostico.jpg","jetpack_sharing_enabled":true,"jetpack_likes_enabled":true,"_links":{"self":[{"href":"https:\/\/www.redenoticia.com.br\/noticia\/wp-json\/wp\/v2\/posts\/149721","targetHints":{"allow":["GET"]}}],"collection":[{"href":"https:\/\/www.redenoticia.com.br\/noticia\/wp-json\/wp\/v2\/posts"}],"about":[{"href":"https:\/\/www.redenoticia.com.br\/noticia\/wp-json\/wp\/v2\/types\/post"}],"author":[{"embeddable":true,"href":"https:\/\/www.redenoticia.com.br\/noticia\/wp-json\/wp\/v2\/users\/2"}],"replies":[{"embeddable":true,"href":"https:\/\/www.redenoticia.com.br\/noticia\/wp-json\/wp\/v2\/comments?post=149721"}],"version-history":[{"count":0,"href":"https:\/\/www.redenoticia.com.br\/noticia\/wp-json\/wp\/v2\/posts\/149721\/revisions"}],"wp:featuredmedia":[{"embeddable":true,"href":"https:\/\/www.redenoticia.com.br\/noticia\/wp-json\/wp\/v2\/media\/148096"}],"wp:attachment":[{"href":"https:\/\/www.redenoticia.com.br\/noticia\/wp-json\/wp\/v2\/media?parent=149721"}],"wp:term":[{"taxonomy":"category","embeddable":true,"href":"https:\/\/www.redenoticia.com.br\/noticia\/wp-json\/wp\/v2\/categories?post=149721"},{"taxonomy":"post_tag","embeddable":true,"href":"https:\/\/www.redenoticia.com.br\/noticia\/wp-json\/wp\/v2\/tags?post=149721"}],"curies":[{"name":"wp","href":"https:\/\/api.w.org\/{rel}","templated":true}]}}