{"id":149635,"date":"2018-08-21T00:22:11","date_gmt":"2018-08-21T03:22:11","guid":{"rendered":"https:\/\/www.redenoticia.com.br\/noticia\/?p=149635"},"modified":"2018-08-21T00:22:11","modified_gmt":"2018-08-21T03:22:11","slug":"poli-usp-busca-candidato-para-projeto-de-pesquisa-e-desenvolvimento","status":"publish","type":"post","link":"https:\/\/www.redenoticia.com.br\/noticia\/2018\/poli-usp-busca-candidato-para-projeto-de-pesquisa-e-desenvolvimento\/149635","title":{"rendered":"Poli-USP busca candidato para projeto de pesquisa e desenvolvimento"},"content":{"rendered":"<p> Ag\u00eancia FAPESP\u00a0\u2013 O Laborat\u00f3rio de Caracteriza\u00e7\u00e3o Tecnol\u00f3gica (LCT) da Escola Polit\u00e9cnica (Poli) da USP disp\u00f5e de uma vaga de <strong><em>p\u00f3s-doutorado para atuar em vis\u00e3o computacional,\u00a0deep learning\u00a0e intelig\u00eancia computacional aplicadas \u00e0 an\u00e1lise de imagens<\/em><\/strong>. O selecionado participar\u00e1 do desenvolvimento de algoritmos de vis\u00e3o computacional para an\u00e1lise de imagens de tomografia e microscopia, far\u00e1 aplica\u00e7\u00e3o de intelig\u00eancia computacional para segmenta\u00e7\u00e3o de imagens e classifica\u00e7\u00e3o e trabalhar\u00e1 com quantifica\u00e7\u00e3o de fases e associa\u00e7\u00f5es.<\/p>\n<p>Ter\u00e1 tamb\u00e9m a oportunidade de estudar diversos tipos de recursos geol\u00f3gicos e materiais com uma equipe multidisciplinar, com mestres e doutores em Geologia, Qu\u00edmica, Engenharia de Minas, Engenharia de Petr\u00f3leo, Materiais e Computa\u00e7\u00e3o, al\u00e9m de ter acesso a equipamentos de \u00faltima gera\u00e7\u00e3o.<\/p>\n<p>Entre os benef\u00edcios, o candidato selecionado ter\u00e1 direito a uma bolsa de desenvolvimento tecnol\u00f3gico e industrial no valor compat\u00edvel com uma bolsa de p\u00f3s-doutorado s\u00eanior do CNPq, com dura\u00e7\u00e3o de 12 meses e possibilidade de renova\u00e7\u00e3o. Os candidatos dever\u00e3o ter doutorado completo ou quatro anos de experi\u00eancia em projetos de pesquisa e desenvolvimento.<\/p>\n<p>As inscri\u00e7\u00f5es devem ser feitas at\u00e9 dia 26 de agosto de 2018, enviando e-mail para\u00a0lct@lct.poli.usp.br\u00a0ou entregando documenta\u00e7\u00e3o pessoalmente para a secretaria do LCT (av. Prof. Mello Moraes, 2373, Cidade Universit\u00e1ria, S\u00e3o Paulo). A documenta\u00e7\u00e3o exigida \u00e9 formada por carta de apresenta\u00e7\u00e3o com link do curr\u00edculo Lattes e carta de recomenda\u00e7\u00e3o.<\/p>\n<p>Mais informa\u00e7\u00f5es:\u00a0\u00a0ou pelo telefone (11) 3091-5151.<\/p>\n","protected":false},"excerpt":{"rendered":"<p>Ag\u00eancia FAPESP\u00a0\u2013 O Laborat\u00f3rio de Caracteriza\u00e7\u00e3o Tecnol\u00f3gica (LCT) da Escola Polit\u00e9cnica (Poli) da USP disp\u00f5e de uma vaga de p\u00f3s-doutorado para atuar em vis\u00e3o computacional,\u00a0deep learning\u00a0e intelig\u00eancia computacional aplicadas \u00e0 an\u00e1lise de imagens. O selecionado participar\u00e1 do desenvolvimento de algoritmos de vis\u00e3o computacional para an\u00e1lise de imagens de tomografia e microscopia, far\u00e1 aplica\u00e7\u00e3o de intelig\u00eancia [&hellip;]<\/p>\n","protected":false},"author":2,"featured_media":148156,"comment_status":"open","ping_status":"closed","sticky":false,"template":"","format":"standard","meta":{"_genesis_hide_title":false,"_genesis_hide_breadcrumbs":false,"_genesis_hide_singular_image":false,"_genesis_hide_footer_widgets":false,"_genesis_custom_body_class":"","_genesis_custom_post_class":"","_genesis_layout":"","_jetpack_memberships_contains_paid_content":false,"footnotes":""},"categories":[22,370,353],"tags":[],"class_list":{"0":"post-149635","1":"post","2":"type-post","3":"status-publish","4":"format-standard","5":"has-post-thumbnail","7":"category-brasil","8":"category-inscricao","9":"category-oportunidades","10":"entry","11":"gs-1","12":"gs-odd","13":"gs-even","14":"gs-featured-content-entry"},"jetpack_featured_media_url":"https:\/\/www.redenoticia.com.br\/noticia\/imagens\/tecnologia-proc.jpg","jetpack_sharing_enabled":true,"jetpack_likes_enabled":true,"_links":{"self":[{"href":"https:\/\/www.redenoticia.com.br\/noticia\/wp-json\/wp\/v2\/posts\/149635","targetHints":{"allow":["GET"]}}],"collection":[{"href":"https:\/\/www.redenoticia.com.br\/noticia\/wp-json\/wp\/v2\/posts"}],"about":[{"href":"https:\/\/www.redenoticia.com.br\/noticia\/wp-json\/wp\/v2\/types\/post"}],"author":[{"embeddable":true,"href":"https:\/\/www.redenoticia.com.br\/noticia\/wp-json\/wp\/v2\/users\/2"}],"replies":[{"embeddable":true,"href":"https:\/\/www.redenoticia.com.br\/noticia\/wp-json\/wp\/v2\/comments?post=149635"}],"version-history":[{"count":0,"href":"https:\/\/www.redenoticia.com.br\/noticia\/wp-json\/wp\/v2\/posts\/149635\/revisions"}],"wp:featuredmedia":[{"embeddable":true,"href":"https:\/\/www.redenoticia.com.br\/noticia\/wp-json\/wp\/v2\/media\/148156"}],"wp:attachment":[{"href":"https:\/\/www.redenoticia.com.br\/noticia\/wp-json\/wp\/v2\/media?parent=149635"}],"wp:term":[{"taxonomy":"category","embeddable":true,"href":"https:\/\/www.redenoticia.com.br\/noticia\/wp-json\/wp\/v2\/categories?post=149635"},{"taxonomy":"post_tag","embeddable":true,"href":"https:\/\/www.redenoticia.com.br\/noticia\/wp-json\/wp\/v2\/tags?post=149635"}],"curies":[{"name":"wp","href":"https:\/\/api.w.org\/{rel}","templated":true}]}}