{"id":149621,"date":"2018-08-21T00:28:17","date_gmt":"2018-08-21T03:28:17","guid":{"rendered":"https:\/\/www.redenoticia.com.br\/noticia\/?p=149621"},"modified":"2018-08-21T00:28:17","modified_gmt":"2018-08-21T03:28:17","slug":"candidatos-falam-sobre-desafios-da-infraestrutura-em-evento-da-abdib","status":"publish","type":"post","link":"https:\/\/www.redenoticia.com.br\/noticia\/2018\/candidatos-falam-sobre-desafios-da-infraestrutura-em-evento-da-abdib\/149621","title":{"rendered":"Candidatos falam sobre desafios da infraestrutura em evento da Abdib"},"content":{"rendered":"<p> A Associa\u00e7\u00e3o Brasileira da Infraestrutura e Ind\u00fastrias de Base (ABDIB) organizou um <strong><em>encontro com os candidatos \u00e0 Presid\u00eancia<\/em><\/strong> da Rep\u00fablica com 300 empres\u00e1rios do setor para debater as propostas para o setor. Os diretores ouviram os presidenci\u00e1veis na capital paulista, al\u00e9m de apresentarem uma agenda de propostas para a infraestrutura 2018, produzida pelos 20 comit\u00eas tem\u00e1ticos da associa\u00e7\u00e3o.<\/p>\n<p>Participaram os candidatos Marina Silva (Rede), Guilherme Boulos (PSOL) e Manuela D\u2019\u00c1vila (PCdoB), representando o candidato do PT, Luiz In\u00e1cio Lula da Silva. Depois Geraldo Alckmin (PSDB), Henrique Merirelles (MDB) e Ciro Gomes (PDT) apresentaram suas propostas aos empres\u00e1rios.<\/p>\n<p>Alckmin: ajuste fiscal para aumentar investimentos<br \/>\nO candidato do PSDB, Geraldo Alckmin, destacou a necessidade de ajuste fiscal para retomada da economia e consequentemente aumentar os investimentos no pa\u00eds, incluindo na infraestrutura. Segundo ele, a primeira medida de seu poss\u00edvel governo ser\u00e1 zerar o d\u00e9ficit prim\u00e1rio em at\u00e9 dois anos, reduzindo as despesas por meio de reformas e de privatiza\u00e7\u00f5es.<\/p>\n<p>\u201cVoc\u00eas s\u00e3o os motores do desenvolvimento. Vamos fazer um grande programa de infraestrutura, saneamento b\u00e1sico, moradia, porque \u00e9 emprego na veia. Constru\u00e7\u00e3o civil \u00e9 emprego na veia. Como vai fazer se n\u00e3o tem dinheiro? Primeiro, um ajuste fiscal r\u00e1pido, n\u00f3s vamos fazer. Segundo, reformas. O Brasil n\u00e3o vai mudar no grito, ele vai mudar com reformas estruturantes\u201d, disse. A partir disso, ele acredita que o pa\u00eds ganhar\u00e1 confian\u00e7a e ter\u00e1 investimentos p\u00fablico e privado.<\/p>\n<p>Alckmin elogiou a reforma trabalhista e falou que vai trabalhar nas reformas da previd\u00eancia, tribut\u00e1ria e pol\u00edtica. \u201cA agenda de competitividade passa por uma reforma tribut\u00e1ria, simplifica\u00e7\u00e3o tribut\u00e1ria, cinco tributos \u2013 ICMS, IPI, ISS, PIS, Cofins \u2013 ser\u00e3o um s\u00f3, o IVA. Isso \u00e9 importante para a ind\u00fastria, porque voc\u00ea deixa de onerar tanto a ind\u00fastria como \u00e9 hoje\u201d. O candidato disse que pretende reduzir o imposto de renda da pessoa jur\u00eddica e compensar com a tributa\u00e7\u00e3o de dividendos.  <\/p>\n<p>Al\u00e9m disso, o candidato pretende atrair investimento privado. \u201cO estado n\u00e3o deve ser empres\u00e1rio, ele deve ser planejador, regulador e fiscalizador; trazer a iniciativa privada, concess\u00f5es e PPPs\u201d. Para ele, um dos setores a serem alvo da inciativa privada \u00e9 o do petr\u00f3leo. O candidato avaliou que a PEC do teto de gastos n\u00e3o tem utilidade sem implementa\u00e7\u00e3o de reformas e pode esmagar o investimento, como est\u00e1 ocorrendo com as obras.<\/p>\n<p>Meirelles: seguran\u00e7a jur\u00eddica e investimentos privados<br \/>\nO candidato do MDB destacou a garantia de uma seguran\u00e7a jur\u00eddica no pa\u00eds para assegurar investimento privado, al\u00e9m da necessidade de reformas e da pr\u00f3pria PEC do teto de gastos. Entre suas prioridades, est\u00e3o terminar obras paralisadas, planejar melhor os projetos evitando erros e desperd\u00edcios e simplificar processo de concess\u00f5es.<\/p>\n<p>\u201cO que se espera, em primeiro lugar, \u00e9 previsibilidade, uma economia previs\u00edvel. Precisamos estabilizar a economia. Segundo, n\u00f3s temos que ter seguran\u00e7a no investimento, regras est\u00e1veis. Isso \u00e9 fundamental, n\u00e3o podemos ter inseguran\u00e7a jur\u00eddica porque isso adiciona um risco enorme ao processo. No momento em que fizermos isso, existe a possibilidade grande de privatizarmos uma grande parcela dos investimentos\u201d, disse.<\/p>\n<p>No entanto, ele defendeu que \u201csem reforma da previd\u00eancia, n\u00e3o h\u00e1 solu\u00e7\u00e3o\u201d. \u201cTemos que fazer essa reforma, \u00e9 uma quest\u00e3o de justi\u00e7a. Hoje o que existe \u00e9 um dos maiores processos de transfer\u00eancia de renda dos mais pobres para os mais ricos\u201d. Em rela\u00e7\u00e3o \u00e0 PEC do teto de gastos, o candidato argumentou que ela n\u00e3o leva ao congelamento de investimento em sa\u00fade e educa\u00e7\u00e3o.<\/p>\n<p>Meirelles disse que o investimento na ind\u00fastria \u00e9 fundamental, j\u00e1 que gera emprego e pagamento de impostos. \u201cO setor brasileiro que mais contribui para arrecada\u00e7\u00e3o \u00e9 o setor de ind\u00fastrias. \u00c9 importante o investimento para o emprego e para arrecada\u00e7\u00e3o. Para isso, \u00e9 necess\u00e1rio a estabilidade. Ningu\u00e9m vai fazer investimento com imprevisibilidade, isso \u00e9 \u00f3bvio\u201d.<\/p>\n<p>Ciro Gomes: revoga\u00e7\u00e3o do teto de gastos<br \/>\nO candidato do PDT, Ciro Gomes, disse que, para garantir investimentos em todas as \u00e1reas, incluindo infraestrutura, \u00e9 preciso revogar a PEC do teto de gastos, aprovada pelo governo de Michel Temer, que, segundo ele, congela gastos com sa\u00fade, educa\u00e7\u00e3o e investimentos. \u201c[Essa] emenda \u00e0 constitui\u00e7\u00e3o pro\u00edbe a expans\u00e3o de investimentos por 20 anos, isso \u00e9 incongruente, isso n\u00e3o fecha. \u00c9 de uma pervers\u00e3o. Eu vou exigir a revoga\u00e7\u00e3o [da PEC do teto de gastos]\u201d, disse.<\/p>\n<p>Ele afirma que em seu governo far\u00e1 uma equa\u00e7\u00e3o fiscal nova e que toda despesa passar\u00e1 por \u201cuma lupa\u201d. Ele defendeu que n\u00e3o se deve cobrar sobre compra de bens de capital. \u201cVoc\u00ea n\u00e3o deve cobrar tributo quando a empresa est\u00e1 se esfor\u00e7ando para incrementar a produtividade\u201d.<\/p>\n<p>\u201cO imposto sobre grandes heran\u00e7as no mundo come\u00e7a com al\u00edquota de 27% nos Estados Unidos, mas chega a 45% em alguns pa\u00edses da Europa no Brasil, n\u00f3s cobramos 4%\u201d, disse. Ciro acrescentou que o Brasil tem hoje R$ 354 bilh\u00f5es de ren\u00fancias fiscais e que muitas delas sem nenhum objetivo estrat\u00e9gico.<\/p>\n<p>Questionado sobre as mudan\u00e7as que pretende implementar e a inseguran\u00e7a jur\u00eddica que pode gerar a investidores, ele respondeu que \u201cdo jeito que vai, n\u00e3o tem sa\u00edda para o Brasil. A imin\u00eancia nossa \u00e9 para o colapso\u201d e que nada ser\u00e1 feito no susto. \u201cSe eu for presidente, as coisas v\u00e3o mudar. Agora, ningu\u00e9m vai tomar susto, as mudan\u00e7as que o pa\u00eds precisa fazer n\u00e3o podem ser desp\u00f3ticas como o Temer quis fazer, n\u00e3o pode ser de cima pra baixo, porque voc\u00ea acaba dividindo o pa\u00eds e a pr\u00f3pria democracia e a confian\u00e7a no di\u00e1logo est\u00e3o perdidos\u201d.<\/p>\n<p>Camila Boehm e Daniel Mello &#8211; Rep\u00f3rteres da Ag\u00eancia Brasil<br \/>\n Edi\u00e7\u00e3o: Sabrina Craide<br \/>\n21\/08\/2018<\/p>\n","protected":false},"excerpt":{"rendered":"<p>A Associa\u00e7\u00e3o Brasileira da Infraestrutura e Ind\u00fastrias de Base (ABDIB) organizou um encontro com os candidatos \u00e0 Presid\u00eancia da Rep\u00fablica com 300 empres\u00e1rios do setor para debater as propostas para o setor. Os diretores ouviram os presidenci\u00e1veis na capital paulista, al\u00e9m de apresentarem uma agenda de propostas para a infraestrutura 2018, produzida pelos 20 comit\u00eas [&hellip;]<\/p>\n","protected":false},"author":2,"featured_media":148164,"comment_status":"open","ping_status":"closed","sticky":false,"template":"","format":"standard","meta":{"_genesis_hide_title":false,"_genesis_hide_breadcrumbs":false,"_genesis_hide_singular_image":false,"_genesis_hide_footer_widgets":false,"_genesis_custom_body_class":"","_genesis_custom_post_class":"","_genesis_layout":"","_jetpack_memberships_contains_paid_content":false,"footnotes":""},"categories":[22],"tags":[],"class_list":{"0":"post-149621","1":"post","2":"type-post","3":"status-publish","4":"format-standard","5":"has-post-thumbnail","7":"category-brasil","8":"entry","9":"gs-1","10":"gs-odd","11":"gs-even","12":"gs-featured-content-entry"},"jetpack_featured_media_url":"https:\/\/www.redenoticia.com.br\/noticia\/imagens\/economia-analise-2.jpg","jetpack_sharing_enabled":true,"jetpack_likes_enabled":true,"_links":{"self":[{"href":"https:\/\/www.redenoticia.com.br\/noticia\/wp-json\/wp\/v2\/posts\/149621","targetHints":{"allow":["GET"]}}],"collection":[{"href":"https:\/\/www.redenoticia.com.br\/noticia\/wp-json\/wp\/v2\/posts"}],"about":[{"href":"https:\/\/www.redenoticia.com.br\/noticia\/wp-json\/wp\/v2\/types\/post"}],"author":[{"embeddable":true,"href":"https:\/\/www.redenoticia.com.br\/noticia\/wp-json\/wp\/v2\/users\/2"}],"replies":[{"embeddable":true,"href":"https:\/\/www.redenoticia.com.br\/noticia\/wp-json\/wp\/v2\/comments?post=149621"}],"version-history":[{"count":0,"href":"https:\/\/www.redenoticia.com.br\/noticia\/wp-json\/wp\/v2\/posts\/149621\/revisions"}],"wp:featuredmedia":[{"embeddable":true,"href":"https:\/\/www.redenoticia.com.br\/noticia\/wp-json\/wp\/v2\/media\/148164"}],"wp:attachment":[{"href":"https:\/\/www.redenoticia.com.br\/noticia\/wp-json\/wp\/v2\/media?parent=149621"}],"wp:term":[{"taxonomy":"category","embeddable":true,"href":"https:\/\/www.redenoticia.com.br\/noticia\/wp-json\/wp\/v2\/categories?post=149621"},{"taxonomy":"post_tag","embeddable":true,"href":"https:\/\/www.redenoticia.com.br\/noticia\/wp-json\/wp\/v2\/tags?post=149621"}],"curies":[{"name":"wp","href":"https:\/\/api.w.org\/{rel}","templated":true}]}}