{"id":148695,"date":"2018-08-13T00:02:38","date_gmt":"2018-08-13T03:02:38","guid":{"rendered":"https:\/\/www.redenoticia.com.br\/noticia\/?p=148695"},"modified":"2018-08-12T23:36:01","modified_gmt":"2018-08-13T02:36:01","slug":"instituto-de-botanica-tem-quatro-oportunidades-com-bolsa-da-fapesp","status":"publish","type":"post","link":"https:\/\/www.redenoticia.com.br\/noticia\/2018\/instituto-de-botanica-tem-quatro-oportunidades-com-bolsa-da-fapesp\/148695","title":{"rendered":"Instituto de Bot\u00e2nica tem quatro oportunidades com bolsa da FAPESP"},"content":{"rendered":"<p> <img loading=\"lazy\" decoding=\"async\" src=\"https:\/\/www.redenoticia.com.br\/noticia\/imagens\/meio-ambiente-150x112.jpg\" alt=\"\" width=\"150\" height=\"112\" class=\"alignleft size-thumbnail wp-image-148284\" srcset=\"https:\/\/www.redenoticia.com.br\/noticia\/imagens\/meio-ambiente-150x112.jpg 150w, https:\/\/www.redenoticia.com.br\/noticia\/imagens\/meio-ambiente-265x198.jpg 265w, https:\/\/www.redenoticia.com.br\/noticia\/imagens\/meio-ambiente-485x360.jpg 485w\" sizes=\"auto, (max-width: 150px) 100vw, 150px\" \/>Ag\u00eancia FAPESP\u00a0\u2013 Um projeto de pesquisa no Instituto de Bot\u00e2nica (IBt), em S\u00e3o Paulo, tem duas <strong><em>vagas para p\u00f3s-doutorado e duas para jovem pesquisador<\/em><\/strong> com bolsa da FAPESP. As oportunidades s\u00e3o do projeto\u00a0\u201c\u201d, coordenado por\u00a0. As inscri\u00e7\u00f5es poder\u00e3o ser feitas at\u00e9 15 de agosto de 2018.<\/p>\n<p>Para uma das vagas de Jovem Pesquisador, o projeto busca um bolsista para atuar no N\u00facleo de Pesquisas em Ecologia, sob supervis\u00e3o de\u00a0, com o objetivo de prever o potencial de toler\u00e2ncia de esp\u00e9cies vegetais nativas da Floresta Atl\u00e2ntica a m\u00faltiplos estresses ambientais por meio de biomarcadores morfol\u00f3gicos\/anat\u00f4micos e fisiol\u00f3gicos\/bioqu\u00edmicos.<\/p>\n<p>Os interessados poder\u00e3o se inscrever enviando carta de motiva\u00e7\u00e3o, s\u00famula curricular, tr\u00eas cartas de recomenda\u00e7\u00e3o e proposta resumida de pesquisa para\u00a0pdipibt@gmail.com. Mais informa\u00e7\u00f5es sobre a vaga:\u00a0.<\/p>\n<p>A outra vaga de Jovem Pesquisador \u00e9 para candidatos interessados em trabalhar no desenvolvimento de um projeto de pesquisa que se enquadre no tema \u201cIdentifica\u00e7\u00e3o de mecanismos bioqu\u00edmicos e moleculares de toler\u00e2ncia \u00e0 desseca\u00e7\u00e3o em plantas nativas e algas liqu\u00eanicas em resposta a mudan\u00e7as clim\u00e1ticas\u201d.<\/p>\n<p>Os interessados poder\u00e3o se inscrever enviando carta de motiva\u00e7\u00e3o, s\u00famula curricular, tr\u00eas cartas de recomenda\u00e7\u00e3o e proposta resumida de pesquisa para\u00a0pdipibt@gmail.com. Mais informa\u00e7\u00f5es:\u00a0.<\/p>\n<p>Para a primeira oportunidade de p\u00f3s-doutorado, busca-se um rec\u00e9m-doutor para desenvolver projeto de pesquisa no N\u00facleo de Pesquisas em Ecologia, sob a supervis\u00e3o de\u00a0.<\/p>\n<p>Ser\u00e3o avaliadas as altera\u00e7\u00f5es da biodiversidade de algas em escalas de longas s\u00e9ries temporais e espaciais em reservat\u00f3rios impactados pela eutrofiza\u00e7\u00e3o, bem como a elabora\u00e7\u00e3o de modelos conceituais preditivo e inferencial.<\/p>\n<p>Inscri\u00e7\u00f5es para o e-mail\u00a0denisecbicudo@gmail.com, com o t\u00edtulo \u201cPD_Ecossistemas_Aquaticos_Continentais\u201d, junto com os seguintes documentos: carta de motiva\u00e7\u00e3o, s\u00famula curricular e duas cartas de recomenda\u00e7\u00e3o. Mais informa\u00e7\u00f5es sobre a vaga em\u00a0.<\/p>\n<p>A segunda vaga de p\u00f3s-doutorado \u00e9 para desenvolver projeto no N\u00facleo de Pesquisas em Ficologia, sob supervis\u00e3o de\u00a0, a fim de diagnosticar a biodiversidade de macroalgas marinhas e certificar as identifica\u00e7\u00f5es das cole\u00e7\u00f5es cient\u00edficas do IBt, por meio de dados morfol\u00f3gicos e moleculares.<\/p>\n<p>Inscri\u00e7\u00f5es para o e-mail\u00a0mtfujii@ibot.sp.gov.br, com o t\u00edtulo \u201cPD Taxonomia e Filogenia molecular de Macroalgas Marinhas\u201d, junto com os seguintes documentos: carta de motiva\u00e7\u00e3o, s\u00famula curricular e duas cartas de recomenda\u00e7\u00e3o. Mais informa\u00e7\u00f5es sobre a vaga em\u00a0.<\/p>\n<p>Os candidatos selecionados para as vagas de Jovem Pesquisador da FAPESP receber\u00e3o bolsa no valor de R$ 8.152,20 mensais, com dura\u00e7\u00e3o de 24 meses. O projeto Jovem Pesquisador selecionado, revisado por pares, poder\u00e1 receber um Aux\u00edlio \u00e0 Pesquisa, conforme descrito em\u00a0.<\/p>\n<p>As vagas de p\u00f3s-doutorado est\u00e3o abertas a brasileiros e estrangeiros. Os selecionados receber\u00e3o Bolsa de P\u00f3s-Doutorado da FAPESP no valor de R$ 7.174,80 mensais e Reserva T\u00e9cnica equivalente a 15% do valor anual da bolsa para atender a despesas imprevistas e diretamente relacionadas \u00e0 atividade de pesquisa.<\/p>\n<p>Caso os bolsistas de PD residam em domic\u00edlios diferentes e precisem se mudar para a cidade onde se localiza a institui\u00e7\u00e3o-sede da pesquisa, poder\u00e3o ter direito a um Aux\u00edlio-Instala\u00e7\u00e3o. Mais informa\u00e7\u00f5es sobre a Bolsa de P\u00f3s-Doutorado da FAPESP est\u00e3o dispon\u00edveis em\u00a0.<\/p>\n<p>Outras vagas de bolsas, em diversas \u00e1reas do conhecimento, est\u00e3o no site FAPESP-Oportunidades, em\u00a0.<\/p>\n","protected":false},"excerpt":{"rendered":"<p>Ag\u00eancia FAPESP\u00a0\u2013 Um projeto de pesquisa no Instituto de Bot\u00e2nica (IBt), em S\u00e3o Paulo, tem duas vagas para p\u00f3s-doutorado e duas para jovem pesquisador com bolsa da FAPESP. As oportunidades s\u00e3o do projeto\u00a0\u201c\u201d, coordenado por\u00a0. As inscri\u00e7\u00f5es poder\u00e3o ser feitas at\u00e9 15 de agosto de 2018. Para uma das vagas de Jovem Pesquisador, o projeto [&hellip;]<\/p>\n","protected":false},"author":2,"featured_media":148284,"comment_status":"open","ping_status":"closed","sticky":false,"template":"","format":"standard","meta":{"_genesis_hide_title":false,"_genesis_hide_breadcrumbs":false,"_genesis_hide_singular_image":false,"_genesis_hide_footer_widgets":false,"_genesis_custom_body_class":"","_genesis_custom_post_class":"","_genesis_layout":"","_jetpack_memberships_contains_paid_content":false,"footnotes":""},"categories":[370,353],"tags":[],"class_list":{"0":"post-148695","1":"post","2":"type-post","3":"status-publish","4":"format-standard","5":"has-post-thumbnail","7":"category-inscricao","8":"category-oportunidades","9":"entry","10":"gs-1","11":"gs-odd","12":"gs-even","13":"gs-featured-content-entry"},"jetpack_featured_media_url":"https:\/\/www.redenoticia.com.br\/noticia\/imagens\/meio-ambiente.jpg","jetpack_sharing_enabled":true,"jetpack_likes_enabled":true,"_links":{"self":[{"href":"https:\/\/www.redenoticia.com.br\/noticia\/wp-json\/wp\/v2\/posts\/148695","targetHints":{"allow":["GET"]}}],"collection":[{"href":"https:\/\/www.redenoticia.com.br\/noticia\/wp-json\/wp\/v2\/posts"}],"about":[{"href":"https:\/\/www.redenoticia.com.br\/noticia\/wp-json\/wp\/v2\/types\/post"}],"author":[{"embeddable":true,"href":"https:\/\/www.redenoticia.com.br\/noticia\/wp-json\/wp\/v2\/users\/2"}],"replies":[{"embeddable":true,"href":"https:\/\/www.redenoticia.com.br\/noticia\/wp-json\/wp\/v2\/comments?post=148695"}],"version-history":[{"count":0,"href":"https:\/\/www.redenoticia.com.br\/noticia\/wp-json\/wp\/v2\/posts\/148695\/revisions"}],"wp:featuredmedia":[{"embeddable":true,"href":"https:\/\/www.redenoticia.com.br\/noticia\/wp-json\/wp\/v2\/media\/148284"}],"wp:attachment":[{"href":"https:\/\/www.redenoticia.com.br\/noticia\/wp-json\/wp\/v2\/media?parent=148695"}],"wp:term":[{"taxonomy":"category","embeddable":true,"href":"https:\/\/www.redenoticia.com.br\/noticia\/wp-json\/wp\/v2\/categories?post=148695"},{"taxonomy":"post_tag","embeddable":true,"href":"https:\/\/www.redenoticia.com.br\/noticia\/wp-json\/wp\/v2\/tags?post=148695"}],"curies":[{"name":"wp","href":"https:\/\/api.w.org\/{rel}","templated":true}]}}