{"id":148221,"date":"2018-08-08T12:41:35","date_gmt":"2018-08-08T15:41:35","guid":{"rendered":"https:\/\/www.redenoticia.com.br\/noticia\/?p=148221"},"modified":"2018-08-08T20:40:41","modified_gmt":"2018-08-08T23:40:41","slug":"resumo-novela-orgulho-e-paixao-09-08-elisabeta-nao-aceita-se-casar-as-pressas-com-darcy","status":"publish","type":"post","link":"https:\/\/www.redenoticia.com.br\/noticia\/2018\/resumo-novela-orgulho-e-paixao-09-08-elisabeta-nao-aceita-se-casar-as-pressas-com-darcy\/148221","title":{"rendered":"Resumo novela \u201cOrgulho e Paix\u00e3o\u201d 09\/08: Elisabeta n\u00e3o aceita se casar \u00e0s pressas"},"content":{"rendered":"<p><img loading=\"lazy\" decoding=\"async\" src=\"https:\/\/www.redenoticia.com.br\/imagens\/orgulho-e-paixao-novela-globo-resumo-Foto-Joao-Miguel-junior-tv-globo-150x112.jpg\" alt=\"\" width=\"150\" height=\"112\" class=\"alignleft size-thumbnail wp-image-134200\" srcset=\"https:\/\/www.redenoticia.com.br\/noticia\/imagens\/orgulho-e-paixao-novela-globo-resumo-Foto-Joao-Miguel-junior-tv-globo-150x112.jpg 150w, https:\/\/www.redenoticia.com.br\/noticia\/imagens\/orgulho-e-paixao-novela-globo-resumo-Foto-Joao-Miguel-junior-tv-globo-265x198.jpg 265w\" sizes=\"auto, (max-width: 150px) 100vw, 150px\" \/><strong><em>Resumo novela \u201cOrgulho e Paix\u00e3o\u201d 09\/08 <\/em><\/strong>: no cap\u00edtulo 123(*) da novela \u201cOrgulho e Paix\u00e3o\u201d, resumo de quinta-feira, 09 de agosto, Edmundo enfrenta Brand\u00e3o. Fani pede ajuda a R\u00f4mulo. Brand\u00e3o perde a autoridade diante dos soldados. Elisabeta mente sobre Lady Margareth para Of\u00e9lia. Xavier fica animado com a proposta de Lady Margareth. Edmundo ataca R\u00f4mulo, e Randolfo, Brand\u00e3o e Ot\u00e1vio o ajudam. Ema aconselha Ernesto. Josephine se une a Lady Margareth. Julieta revela a Darcy e Elisabeta que se casar\u00e1 com Aur\u00e9lio. <\/p>\n<p>Elisabeta n\u00e3o aceita se casar \u00e0s pressas com Darcy. Brand\u00e3o e Randolfo levam R\u00f4mulo para casa depois de se machucar no quartel. Fani tenta consolar Edmundo, mas se chateia quando Josephine chega ao local. Susana tenta enganar Oleg\u00e1rio. Elisabeta sugere que Julieta conte a verdade para Camilo. Vicente questiona Lady Margareth sobre os explosivos na frente de Agatha.<\/p>\n<p>(*) edi\u00e7\u00e3o da Rede Globo, Novela \u201cOrgulho e Paix\u00e3o\u201d, sujeito a altera\u00e7\u00e3o de data e conte\u00fado.<\/p>\n<p>No fict\u00edcio Vale do Caf\u00e9, interior de S\u00e3o Paulo, nossos personagens vivem seus conflitos sociais e de conduta, que sempre se contrap\u00f5em aos desejos pessoais de cada um. Elisabeta (Nathalia Dill) \u00e9 uma mulher \u00e0 frente do seu tempo, com pensamentos igualit\u00e1rios e interesses at\u00edpicos para uma jovem do in\u00edcio do s\u00e9culo XX. Ela deseja trabalhar, conhecer o mundo e \u00e9 incentivada a realizar seus sonhos pelo pai, Felisberto (Tato Gabus Mendes), que vive \u00e0s turras com a mulher, Of\u00e9lia (Vera Holtz), por pensarem diferente sobre a cria\u00e7\u00e3o das filhas. Ao todo, o casal teve cinco mulheres, e cada uma com uma personalidade diferente.<\/p>\n<p>A personagem de Nathalia Dill entrar\u00e1 em conflito quando se apaixonar por Darcy (Thiago Lacerda), um homem de car\u00e1ter e muito sisudo. O amor n\u00e3o \u00e9 \u00e0 primeira vista, j\u00e1 que os dois n\u00e3o se entendem assim que se conhecem. O sentimento de repulsa dar\u00e1 lugar a uma grande paix\u00e3o, que ser\u00e1 negada pelo casal o m\u00e1ximo poss\u00edvel.<\/p>\n","protected":false},"excerpt":{"rendered":"<p>Resumo novela \u201cOrgulho e Paix\u00e3o\u201d 09\/08 : no cap\u00edtulo 123(*) da novela \u201cOrgulho e Paix\u00e3o\u201d, resumo de quinta-feira, 09 de agosto, Edmundo enfrenta Brand\u00e3o. Fani pede ajuda a R\u00f4mulo. Brand\u00e3o perde a autoridade diante dos soldados. Elisabeta mente sobre Lady Margareth para Of\u00e9lia. Xavier fica animado com a proposta de Lady Margareth. Edmundo ataca R\u00f4mulo, [&hellip;]<\/p>\n","protected":false},"author":4,"featured_media":148134,"comment_status":"open","ping_status":"closed","sticky":false,"template":"","format":"standard","meta":{"_genesis_hide_title":false,"_genesis_hide_breadcrumbs":false,"_genesis_hide_singular_image":false,"_genesis_hide_footer_widgets":false,"_genesis_custom_body_class":"","_genesis_custom_post_class":"","_genesis_layout":"","_jetpack_memberships_contains_paid_content":false,"footnotes":""},"categories":[388,379,467,375,343],"tags":[441],"class_list":{"0":"post-148221","1":"post","2":"type-post","3":"status-publish","4":"format-standard","5":"has-post-thumbnail","7":"category-destaques","8":"category-novelas","9":"category-orgulho-e-paixao","10":"category-rede-globo","11":"category-televisao","12":"tag-resumo-do-dia","13":"entry","14":"gs-1","15":"gs-odd","16":"gs-even","17":"gs-featured-content-entry"},"jetpack_featured_media_url":"https:\/\/www.redenoticia.com.br\/noticia\/imagens\/orgulho-paixao-resumo-novela.jpg","jetpack_sharing_enabled":true,"jetpack_likes_enabled":true,"_links":{"self":[{"href":"https:\/\/www.redenoticia.com.br\/noticia\/wp-json\/wp\/v2\/posts\/148221","targetHints":{"allow":["GET"]}}],"collection":[{"href":"https:\/\/www.redenoticia.com.br\/noticia\/wp-json\/wp\/v2\/posts"}],"about":[{"href":"https:\/\/www.redenoticia.com.br\/noticia\/wp-json\/wp\/v2\/types\/post"}],"author":[{"embeddable":true,"href":"https:\/\/www.redenoticia.com.br\/noticia\/wp-json\/wp\/v2\/users\/4"}],"replies":[{"embeddable":true,"href":"https:\/\/www.redenoticia.com.br\/noticia\/wp-json\/wp\/v2\/comments?post=148221"}],"version-history":[{"count":0,"href":"https:\/\/www.redenoticia.com.br\/noticia\/wp-json\/wp\/v2\/posts\/148221\/revisions"}],"wp:featuredmedia":[{"embeddable":true,"href":"https:\/\/www.redenoticia.com.br\/noticia\/wp-json\/wp\/v2\/media\/148134"}],"wp:attachment":[{"href":"https:\/\/www.redenoticia.com.br\/noticia\/wp-json\/wp\/v2\/media?parent=148221"}],"wp:term":[{"taxonomy":"category","embeddable":true,"href":"https:\/\/www.redenoticia.com.br\/noticia\/wp-json\/wp\/v2\/categories?post=148221"},{"taxonomy":"post_tag","embeddable":true,"href":"https:\/\/www.redenoticia.com.br\/noticia\/wp-json\/wp\/v2\/tags?post=148221"}],"curies":[{"name":"wp","href":"https:\/\/api.w.org\/{rel}","templated":true}]}}