{"id":145407,"date":"2018-07-05T00:02:42","date_gmt":"2018-07-05T03:02:42","guid":{"rendered":"https:\/\/www.redenoticia.com.br\/noticia\/?p=145407"},"modified":"2018-07-05T00:02:42","modified_gmt":"2018-07-05T03:02:42","slug":"treinamento-tecnico-em-farmacia-com-bolsa-da-fapesp","status":"publish","type":"post","link":"https:\/\/www.redenoticia.com.br\/noticia\/2018\/treinamento-tecnico-em-farmacia-com-bolsa-da-fapesp\/145407","title":{"rendered":"Treinamento t\u00e9cnico em farm\u00e1cia com bolsa da FAPESP"},"content":{"rendered":"<p> Ag\u00eancia FAPESP\u00a0\u2013 A startup Nanoart est\u00e1 com uma vaga de <strong><em>treinamento t\u00e9cnico<\/em><\/strong> n\u00edvel tr\u00eas (TT-3) com bolsa da FAPESP aberta para o projeto \u201cSistema de libera\u00e7\u00e3o lip\u00eddico nanoestruturado: alternativa para a neuroimunomodula\u00e7\u00e3o da psor\u00edase\u201d. O prazo de inscri\u00e7\u00e3o termina em 5 de julho de 2018. O projeto tem apoio do Programa FAPESP Pesquisa Inovativa em Pequenas Empresas (PIPE).<\/p>\n<p>O bolsista ajudar\u00e1 no desenvolvimento de um sistema de libera\u00e7\u00e3o t\u00f3pico para o tratamento da psor\u00edase e desenvolver\u00e1 atividades de desenvolvimento de formula\u00e7\u00f5es, an\u00e1lises f\u00edsico-qu\u00edmicas e estudos de efic\u00e1cia em animais.<\/p>\n<p>O candidato selecionado receber\u00e1 treinamento para execu\u00e7\u00e3o das atividades e para a manipula\u00e7\u00e3o de animais e outras t\u00e9cnicas se necess\u00e1rio. As atividades ser\u00e3o desenvolvidas no Supera Parque Tecnol\u00f3gico e no Laborat\u00f3rio de Inflama\u00e7\u00e3o e Dor, do Departamento de Farmacologia, Pr\u00e9dio Central da Faculdade de Medicina de Ribeir\u00e3o Preto da USP.<\/p>\n<p>As inscri\u00e7\u00f5es dever\u00e3o ser feitas enviando hist\u00f3rico escolar e curriculum vitae para o e-mail do coordenador do projeto, Daniel Roberto Callejon (daniel.callejon78@gmail.com). Os candidatos pr\u00e9-selecionados na inscri\u00e7\u00e3o ser\u00e3o convocados para entrevista por e-mail. Os resultados ser\u00e3o divulgados no dia 13 de julho.<\/p>\n<p>Mais informa\u00e7\u00f5es sobre a vaga em\u00a0.<\/p>\n<p>A Bolsa de TT-3 tem valor de R$ 1.195,60 e \u00e9 direcionada para alunos graduados do n\u00edvel superior, sem reprova\u00e7\u00f5es em seu hist\u00f3rico escolar e sem v\u00ednculo empregat\u00edcio, com dedica\u00e7\u00e3o de 16 a 40 horas semanais \u00e0s atividades de apoio ao projeto de pesquisa. O tempo de bolsa TT-3 ser\u00e1 descontado no caso de o interessado vir a usufruir de Bolsa de Mestrado ou Doutorado Direto.<\/p>\n<p>Para mais informa\u00e7\u00f5es sobre as bolsas de Treinamento T\u00e9cnico acesse\u00a0.<\/p>\n<p>Outras vagas de bolsas, em diversas \u00e1reas do conhecimento, est\u00e3o no site FAPESP-Oportunidades, em\u00a0. <\/p>\n","protected":false},"excerpt":{"rendered":"<p>Ag\u00eancia FAPESP\u00a0\u2013 A startup Nanoart est\u00e1 com uma vaga de treinamento t\u00e9cnico n\u00edvel tr\u00eas (TT-3) com bolsa da FAPESP aberta para o projeto \u201cSistema de libera\u00e7\u00e3o lip\u00eddico nanoestruturado: alternativa para a neuroimunomodula\u00e7\u00e3o da psor\u00edase\u201d. O prazo de inscri\u00e7\u00e3o termina em 5 de julho de 2018. O projeto tem apoio do Programa FAPESP Pesquisa Inovativa em [&hellip;]<\/p>\n","protected":false},"author":2,"featured_media":36246,"comment_status":"open","ping_status":"closed","sticky":false,"template":"","format":"standard","meta":{"_genesis_hide_title":false,"_genesis_hide_breadcrumbs":false,"_genesis_hide_singular_image":false,"_genesis_hide_footer_widgets":false,"_genesis_custom_body_class":"","_genesis_custom_post_class":"","_genesis_layout":"","_jetpack_memberships_contains_paid_content":false,"footnotes":""},"categories":[22,351,370],"tags":[],"class_list":{"0":"post-145407","1":"post","2":"type-post","3":"status-publish","4":"format-standard","5":"has-post-thumbnail","7":"category-brasil","8":"category-cursos","9":"category-inscricao","10":"entry","11":"gs-1","12":"gs-odd","13":"gs-even","14":"gs-featured-content-entry"},"jetpack_featured_media_url":"https:\/\/www.redenoticia.com.br\/noticia\/imagens\/professor-a.jpg","jetpack_sharing_enabled":true,"jetpack_likes_enabled":true,"_links":{"self":[{"href":"https:\/\/www.redenoticia.com.br\/noticia\/wp-json\/wp\/v2\/posts\/145407","targetHints":{"allow":["GET"]}}],"collection":[{"href":"https:\/\/www.redenoticia.com.br\/noticia\/wp-json\/wp\/v2\/posts"}],"about":[{"href":"https:\/\/www.redenoticia.com.br\/noticia\/wp-json\/wp\/v2\/types\/post"}],"author":[{"embeddable":true,"href":"https:\/\/www.redenoticia.com.br\/noticia\/wp-json\/wp\/v2\/users\/2"}],"replies":[{"embeddable":true,"href":"https:\/\/www.redenoticia.com.br\/noticia\/wp-json\/wp\/v2\/comments?post=145407"}],"version-history":[{"count":0,"href":"https:\/\/www.redenoticia.com.br\/noticia\/wp-json\/wp\/v2\/posts\/145407\/revisions"}],"wp:featuredmedia":[{"embeddable":true,"href":"https:\/\/www.redenoticia.com.br\/noticia\/wp-json\/wp\/v2\/media\/36246"}],"wp:attachment":[{"href":"https:\/\/www.redenoticia.com.br\/noticia\/wp-json\/wp\/v2\/media?parent=145407"}],"wp:term":[{"taxonomy":"category","embeddable":true,"href":"https:\/\/www.redenoticia.com.br\/noticia\/wp-json\/wp\/v2\/categories?post=145407"},{"taxonomy":"post_tag","embeddable":true,"href":"https:\/\/www.redenoticia.com.br\/noticia\/wp-json\/wp\/v2\/tags?post=145407"}],"curies":[{"name":"wp","href":"https:\/\/api.w.org\/{rel}","templated":true}]}}