{"id":14451,"date":"2009-10-18T16:37:53","date_gmt":"2009-10-18T20:37:53","guid":{"rendered":"http:\/\/www.redenoticia.com.br\/noticia\/?p=14451"},"modified":"2009-10-18T16:37:53","modified_gmt":"2009-10-18T20:37:53","slug":"trofeu-do-gp-brasil-de-formula-1-foi-produzido-com-material-reciclado","status":"publish","type":"post","link":"https:\/\/www.redenoticia.com.br\/noticia\/2009\/trofeu-do-gp-brasil-de-formula-1-foi-produzido-com-material-reciclado\/14451","title":{"rendered":"Trofeu do GP Brasil de F\u00f3rmula 1 foi produzido com material reciclado"},"content":{"rendered":"<p>\u201cTrazer o universo da reciclagem para este evento de repercuss\u00e3o mundial mostra o compromisso da Braskem e de seus parceiros com o desenvolvimento sustent\u00e1vel e com a busca do engajamento da sociedade na destina\u00e7\u00e3o correta dos res\u00edduos pl\u00e1sticos\u201d, destaca Bernardo Gradin, presidente da Braskem, empresa respons\u00e1vel pela produ\u00e7\u00e3o do trof\u00e9u com resina reciclada para o GP Brasil de F1, em Interlagos (SP). O in\u00e9dito projeto est\u00e1 sendo desenvolvido conjuntamente pelas empresas Romi, fabricante de maquin\u00e1rios industriais, e Fortymil, distribuidor de resinas e reciclador de pl\u00e1stico, al\u00e9m do Instituto Socioambiental do Pl\u00e1stico (Plastivida) e da Cooperativa de Coleta Seletiva da Capela do Socorro (Coopercaps), especializada em coleta de materiais recicl\u00e1veis.<\/p>\n<p><a href=\"https:\/\/www.redenoticia.com.br\/noticia\/imagens\/\/Troffeu-F1.jpg\"><img loading=\"lazy\" decoding=\"async\" class=\"alignleft size-medium wp-image-14452\" title=\"Troffeu F1\" src=\"https:\/\/www.redenoticia.com.br\/noticia\/imagens\/\/Troffeu-F1-249x186.jpg\" alt=\"Troffeu F1\" width=\"249\" height=\"186\" srcset=\"https:\/\/www.redenoticia.com.br\/noticia\/imagens\/Troffeu-F1-249x186.jpg 249w, https:\/\/www.redenoticia.com.br\/noticia\/imagens\/Troffeu-F1-250x187.jpg 250w, https:\/\/www.redenoticia.com.br\/noticia\/imagens\/Troffeu-F1-400x300.jpg 400w, https:\/\/www.redenoticia.com.br\/noticia\/imagens\/Troffeu-F1-150x113.jpg 150w, https:\/\/www.redenoticia.com.br\/noticia\/imagens\/Troffeu-F1-265x198.jpg 265w, https:\/\/www.redenoticia.com.br\/noticia\/imagens\/Troffeu-F1-485x360.jpg 485w, https:\/\/www.redenoticia.com.br\/noticia\/imagens\/Troffeu-F1-696x522.jpg 696w, https:\/\/www.redenoticia.com.br\/noticia\/imagens\/Troffeu-F1-149x112.jpg 149w, https:\/\/www.redenoticia.com.br\/noticia\/imagens\/Troffeu-F1.jpg 720w\" sizes=\"auto, (max-width: 249px) 100vw, 249px\" \/><\/a> Durante todos os dias do evento, uma mini usina de reciclagem estar\u00e1 em funcionamento para recuperar o pl\u00e1stico descartado, transform\u00e1-lo em trof\u00e9us e entregar como pr\u00eamio aos vencedores da prova de F\u00f3rmula 1. Essa opera\u00e7\u00e3o envolve as seguintes etapas: coleta seletiva e triagem a serem executadas pela Cooperativa; e moagem, secagem, extrus\u00e3o e usinagem do trof\u00e9u. O processo para a produ\u00e7\u00e3o da resina reciclada est\u00e1 sob o comando da Fortymil, a usinagem do trof\u00e9u est\u00e1 sob responsabilidade da Romi e a equipe t\u00e9cnica da Braskem est\u00e1 coordenando todo o processo para a produ\u00e7\u00e3o do trof\u00e9u. A Coopercaps tamb\u00e9m cuidar\u00e1 do excedente coletado, para promo\u00e7\u00e3o do seu reuso para outras finalidades.<\/p>\n<p>\u201cCom essa a\u00e7\u00e3o, al\u00e9m de mostrar na pr\u00e1tica que o pl\u00e1stico, presente em nosso dia a dia, \u00e9 100% recicl\u00e1vel e 100% reutiliz\u00e1vel, tamb\u00e9m queremos demonstrar a import\u00e2ncia da coleta seletiva para minimizar os impactos ambientais\u201d, destaca Jorge Soto, diretor de Desenvolvimento Sustent\u00e1vel da Braskem, lembrando que hoje a reciclagem \u00e9 um tema de crescente relev\u00e2ncia em rela\u00e7\u00e3o aos aspectos ambiental e social. Segundo dados da Plastivida, atualmente o Brasil recicla 21% do pl\u00e1stico que produz,\u00a0enquanto a m\u00e9dia da Uni\u00e3o Europ\u00e9ia \u00e9 de 18,3%\u00a0e da Alemanha, recordista mundial de reciclagem mec\u00e2nica, \u00e9 de 31%.<\/p>\n<p>O trof\u00e9u deste ano ser\u00e1 uma reedi\u00e7\u00e3o do desenho desenvolvido em 2008 pelo mestre brasileiro da arquitetura, Oscar Niemeyer, por sua beleza\u00a0eoriginalidade. O design foi inspirado nas colunas do Pal\u00e1cio da Alvorada e, segundo seu criador, seguiu o mesmo caminho de elabora\u00e7\u00e3o de uma obra de arte, concebida para despertar emo\u00e7\u00e3o, surpresa e, desta vez, com a vantagem da reciclagem.\u00a0 A participa\u00e7\u00e3o da Braskem na F1 surgiu com a W\/, que ano passado teve a id\u00e9ia de usar o Polietileno Verde no GP Brasil com a produ\u00e7\u00e3o do\u00a0 trof\u00e9u de pl\u00e1stico 100% renov\u00e1vel. E neste ano inovou ao sugerir a produ\u00e7\u00e3o\u00a0<em>in loco<\/em>do trof\u00e9u de pl\u00e1stico reciclado.<\/p>\n<p><strong>Projeto in\u00e9dito valoriza parcerias<\/strong><\/p>\n<p><strong>Romi &#8211; <\/strong>A Ind\u00fastrias Romi<strong> <\/strong>\u00e9 l\u00edder no mercado brasileiro de m\u00e1quinas e equipamentos. Listada no Novo Mercado da Bovespa desde mar\u00e7o de 2007, fabrica m\u00e1quinas-ferramenta, com destaque para tornos e centros de usinagem; m\u00e1quinas injetoras e sopradoras de pl\u00e1stico; e pe\u00e7as de ferro fundido cinzento, fornecidas brutas ou usinadas. Seus produtos e servi\u00e7os est\u00e3o presentes em todos os continentes e s\u00e3o utilizados pelos mais diferentes segmentos produtivos, como as ind\u00fastrias automobil\u00edstica, de bens de consumo em geral, de m\u00e1quinas e equipamentos industriais e de m\u00e1quinas e implementos agr\u00edcolas.<\/p>\n<p><strong>Fortymil &#8211; <\/strong>A Fortymil \u00e9 uma empresa com mais de 40 anos de atividade no setor da ind\u00fastria de pl\u00e1sticos e uma das primeiras ind\u00fastrias da America Latina a ter todo seu processo de reciclagem certificado pela ISO 9000. Possui uma unidade industrial\u00a0 de reciclagem de pl\u00e1sticos, em Itatiba (SP), onde fabrica resinas recicladas e industriais, al\u00e9m de compostos e materiais micronizados, atendendo todo o territ\u00f3rio nacional. Presta tamb\u00e9m servi\u00e7os a terceiros de granula\u00e7\u00e3o, microniza\u00e7\u00e3o, tingimento e aditiva\u00e7\u00e3o, bem como comercializa resinas virgens como distribuidor oficial Braskem e Innova. Atrav\u00e9s da adi\u00e7\u00e3o de\u00a0<em>masterbatch<\/em>, pigmentos, aditivos como anti-est\u00e1tico e anti-uv, auxiliar de fluxo, carga mineral, anti-chama e outros, a empresa est\u00e1 capacitada para produzir compostos de alto valor agregado destinados ao mercado automobil\u00edstico, linha branca, pe\u00e7as e filmes t\u00e9cnicos, fios e cabos, e outros segmentos que exigem elevados padr\u00f5es de qualidade e confiabilidade.<\/p>\n<p><strong>Plastivida <\/strong>&#8211; Entidade que representa a cadeia produtiva do setor petroqu\u00edmico, para divulgar a import\u00e2ncia dos pl\u00e1sticos na vida moderna e promover sua utiliza\u00e7\u00e3o ambientalmente correta, ao mesmo tempo em que prioriza iniciativas de responsabilidade social.\u00a0 Faz parte do\u00a0<em>Plastics Global Meeting<\/em>, encontro mundial das entidades cong\u00eaneres da Comunidade Europ\u00e9ia, Estados Unidos, Canad\u00e1, Jap\u00e3o, M\u00e9xico, Argentina, Austr\u00e1lia e China, compartilhando novos conhecimentos e tend\u00eancias.<\/p>\n<p><strong>Coopercaps &#8211; <\/strong>A Cooperativa de Coleta Seletiva da Capela do Socorro (Coopercaps) administra a central de triagem, beneficiamento, armazenamento e comercializa\u00e7\u00e3o da Capela do Socorro, situada na Vila da Paz (Interlagos). Suas atividades foram iniciadas em dezembro de 2003. Atualmente, Coopercaps possui 84 cooperados, que trabalham em dois turnos e manuseiam uma m\u00e9dia di\u00e1ria de 14 toneladas de materiais recicl\u00e1veis. \u00c9 conveniada \u00e0 Limpurb, por meio da Secretaria de Servi\u00e7os, que fornece toda estrutura para seu funcionamento. A coleta \u00e9 efetuada em escolas, empresas e condom\u00ednios de v\u00e1rias ruas da regi\u00e3o da Capela e Morumbi (SP).<\/p>\n<p><strong>Gest\u00e3o orientada para sustentabilidade do neg\u00f3cio<\/strong><\/p>\n<p>O compromisso da Braskem com o desenvolvimento sustent\u00e1vel e com a redu\u00e7\u00e3o das emiss\u00f5es de gases efeito estufa na atmosfera faz parte da gest\u00e3o estrat\u00e9gica da companhia, orientada para a sustentabilidade do neg\u00f3cio nas dimens\u00f5es econ\u00f4micas, sociais e ambientais. Al\u00e9m de apresentar melhoria cont\u00ednua dos seus indicadores de ecoefici\u00eancia ao longo dos sete anos de exist\u00eancia, a companhia desenvolveu\u00a0em 2007 no Centro de Tecnologia e Inova\u00e7\u00e3o Braskem o primeiro polietileno verde certificado do mundo feito de fonte 100% renov\u00e1vel, o etanol.<\/p>\n<p>Esse projeto obteve no mesmo ano um dos mais importantes pr\u00eamios internacionais do setor, na Europa, o Bioplastic Awards. O pioneirismo da Braskem \u00e9 resultado de investimentos consistentes em pesquisas tecnol\u00f3gicas. O foco na \u00e1rea de inova\u00e7\u00e3o permite maior competitividade a toda a cadeia produtiva da petroqu\u00edmica e dos pl\u00e1sticos, dando forma ao sonho do Cliente.<\/p>\n<p>Com uma equipe de 170 especialistas, ativos em pesquisa e desenvolvimento da ordem de R$ 330 milh\u00f5es, a companhia possui mais de 240 registros de patentes no Brasil e no mundo. Al\u00e9m do polietileno verde, a Braskem foi tamb\u00e9m a primeira empresa do mundo a certificar o polipropileno de mat\u00e9ria prima 100% renov\u00e1vel produzido em escala piloto.<\/p>\n<p><strong>Manifesto sobre mudan\u00e7as clim\u00e1ticas<\/strong><\/p>\n<p>Recentemente a Braskem divulgou seu Manifesto sobre Mudan\u00e7as Clim\u00e1ticas, no qual se compromete publicamente a fortalecer sua atua\u00e7\u00e3o em proveito do desenvolvimento sustent\u00e1vel, visando reduzir os impactos do aquecimento global no planeta. O documento estabelece, de forma transparente, o compromisso da companhia e as a\u00e7\u00f5es que est\u00e3o sendo realizadas para reduzir a emiss\u00e3o dos gases provocadores do efeito estufa no planeta e apoiar o desenvolvimento sustent\u00e1vel.<\/p>\n<p>A Braskem \u00e9 l\u00edder em resinas termopl\u00e1sticas na Am\u00e9rica Latina e a terceira maior produtora das Am\u00e9ricas. Com 18 plantas industriais distribu\u00eddas pelo Brasil, a empresa produz anualmente mais de 11 milh\u00f5es de toneladas de resinas termopl\u00e1sticas e outros produtos petroqu\u00edmicos.<\/p>\n","protected":false},"excerpt":{"rendered":"<p>\u201cTrazer o universo da reciclagem para este evento de repercuss\u00e3o mundial mostra o compromisso da Braskem e de seus parceiros com o desenvolvimento sustent\u00e1vel e com a busca do engajamento da sociedade na destina\u00e7\u00e3o correta dos res\u00edduos pl\u00e1sticos\u201d, destaca Bernardo Gradin, presidente da Braskem, empresa respons\u00e1vel pela produ\u00e7\u00e3o do trof\u00e9u com resina reciclada para o [&hellip;]<\/p>\n","protected":false},"author":2,"featured_media":0,"comment_status":"open","ping_status":"open","sticky":false,"template":"","format":"standard","meta":{"_genesis_hide_title":false,"_genesis_hide_breadcrumbs":false,"_genesis_hide_singular_image":false,"_genesis_hide_footer_widgets":false,"_genesis_custom_body_class":"","_genesis_custom_post_class":"","_genesis_layout":"","_jetpack_memberships_contains_paid_content":false,"footnotes":""},"categories":[22],"tags":[],"class_list":{"0":"post-14451","1":"post","2":"type-post","3":"status-publish","4":"format-standard","6":"category-brasil","7":"entry","8":"has-post-thumbnail","9":"gs-1","10":"gs-odd","11":"gs-even","12":"gs-featured-content-entry"},"jetpack_featured_media_url":"","jetpack_sharing_enabled":true,"jetpack_likes_enabled":true,"_links":{"self":[{"href":"https:\/\/www.redenoticia.com.br\/noticia\/wp-json\/wp\/v2\/posts\/14451","targetHints":{"allow":["GET"]}}],"collection":[{"href":"https:\/\/www.redenoticia.com.br\/noticia\/wp-json\/wp\/v2\/posts"}],"about":[{"href":"https:\/\/www.redenoticia.com.br\/noticia\/wp-json\/wp\/v2\/types\/post"}],"author":[{"embeddable":true,"href":"https:\/\/www.redenoticia.com.br\/noticia\/wp-json\/wp\/v2\/users\/2"}],"replies":[{"embeddable":true,"href":"https:\/\/www.redenoticia.com.br\/noticia\/wp-json\/wp\/v2\/comments?post=14451"}],"version-history":[{"count":0,"href":"https:\/\/www.redenoticia.com.br\/noticia\/wp-json\/wp\/v2\/posts\/14451\/revisions"}],"wp:attachment":[{"href":"https:\/\/www.redenoticia.com.br\/noticia\/wp-json\/wp\/v2\/media?parent=14451"}],"wp:term":[{"taxonomy":"category","embeddable":true,"href":"https:\/\/www.redenoticia.com.br\/noticia\/wp-json\/wp\/v2\/categories?post=14451"},{"taxonomy":"post_tag","embeddable":true,"href":"https:\/\/www.redenoticia.com.br\/noticia\/wp-json\/wp\/v2\/tags?post=14451"}],"curies":[{"name":"wp","href":"https:\/\/api.w.org\/{rel}","templated":true}]}}