{"id":142475,"date":"2018-05-25T15:45:34","date_gmt":"2018-05-25T18:45:34","guid":{"rendered":"https:\/\/www.redenoticia.com.br\/noticia\/?p=142475"},"modified":"2018-05-25T15:45:34","modified_gmt":"2018-05-25T18:45:34","slug":"contas-externas-ficam-positivas-pelo-terceiro-mes-seguido","status":"publish","type":"post","link":"https:\/\/www.redenoticia.com.br\/noticia\/2018\/contas-externas-ficam-positivas-pelo-terceiro-mes-seguido\/142475","title":{"rendered":"Contas externas ficam positivas pelo terceiro m\u00eas seguido"},"content":{"rendered":"<p>As <strong><em>contas externas<\/em><\/strong> brasileiras continuam a apresentar resultados positivos. Em abril, pelo terceiro m\u00eas seguido, houve super\u00e1vit em transa\u00e7\u00f5es correntes, que s\u00e3o compras e vendas de mercadorias e servi\u00e7os e transfer\u00eancias de renda do pa\u00eds com o mundo. O resultado ficou em US$ 620 milh\u00f5es, contra o super\u00e1vit de US$ 1,149 bilh\u00e3o em igual m\u00eas de 2017, de acordo com dados do Banco Central (BC). A expectativa do BC \u00e9 que neste m\u00eas tamb\u00e9m seja registrado super\u00e1vit, de US$ 2,5 bilh\u00f5es.<\/p>\n<p>\u201cEsse resultado era esperado e faz parte do per\u00edodo onde sazonalmente temos resultados mais favor\u00e1veis para as transa\u00e7\u00f5es correntes\u201d, disse o chefe do Departamento de Estat\u00edsticas do BC, Fernando Rocha.<\/p>\n<p>Como em janeiro houve d\u00e9ficit, o resultado acumulado nos quatro meses do ano ficou negativo em US$ 2,604 bilh\u00f5es, contra US$ 3,495 bilh\u00f5es registrados em igual per\u00edodo de 2017.<\/p>\n<p>Quando o pa\u00eds registra saldo negativo em transa\u00e7\u00f5es correntes, precisa cobrir o d\u00e9ficit com investimentos ou empr\u00e9stimos no exterior. A melhor forma de financiamento do saldo negativo \u00e9 o investimento direto no pa\u00eds (IDP), porque recursos s\u00e3o aplicados no setor produtivo do pa\u00eds. Em abril, esses investimentos chegaram a US$ 2,618 bilh\u00f5es e, no primeiro quadrimestre, a US$ 20,366 bilh\u00f5es.<\/p>\n<p>Rocha afirmou que, embora o IDP tenha se reduzido nos \u00faltimos meses, esses investimentos continuam acima do d\u00e9ficit em transa\u00e7\u00f5es correntes. \u201cTemos um d\u00e9ficit muito baixo, um IDP mais que suficiente para financiar o pa\u00eds e fluxos de portif\u00f3lio (investimentos em a\u00e7\u00f5es e em t\u00edtulos de renda fixa) oscilado entre entradas e sa\u00eddas do pa\u00eds, e uma taxa de rolagem em 100%, o que diz que est\u00e1 tendo uma rolagem integral dos vencimentos [de empr\u00e9stimos das empresas no exterior]\u201d, disse.<\/p>\n<p>Kelly Oliveira &#8211; Rep\u00f3rter da Ag\u00eancia Brasil<br \/>\nEdi\u00e7\u00e3o: Juliana Andrade<br \/>\n25\/05\/2018<\/p>\n","protected":false},"excerpt":{"rendered":"<p>As contas externas brasileiras continuam a apresentar resultados positivos. Em abril, pelo terceiro m\u00eas seguido, houve super\u00e1vit em transa\u00e7\u00f5es correntes, que s\u00e3o compras e vendas de mercadorias e servi\u00e7os e transfer\u00eancias de renda do pa\u00eds com o mundo. O resultado ficou em US$ 620 milh\u00f5es, contra o super\u00e1vit de US$ 1,149 bilh\u00e3o em igual m\u00eas [&hellip;]<\/p>\n","protected":false},"author":2,"featured_media":57583,"comment_status":"open","ping_status":"closed","sticky":false,"template":"","format":"standard","meta":{"_genesis_hide_title":false,"_genesis_hide_breadcrumbs":false,"_genesis_hide_singular_image":false,"_genesis_hide_footer_widgets":false,"_genesis_custom_body_class":"","_genesis_custom_post_class":"","_genesis_layout":"","_jetpack_memberships_contains_paid_content":false,"footnotes":""},"categories":[22,7],"tags":[],"class_list":{"0":"post-142475","1":"post","2":"type-post","3":"status-publish","4":"format-standard","5":"has-post-thumbnail","7":"category-brasil","8":"category-economia","9":"entry","10":"gs-1","11":"gs-odd","12":"gs-even","13":"gs-featured-content-entry"},"jetpack_featured_media_url":"https:\/\/www.redenoticia.com.br\/noticia\/imagens\/economia-grafico.jpg","jetpack_sharing_enabled":true,"jetpack_likes_enabled":true,"_links":{"self":[{"href":"https:\/\/www.redenoticia.com.br\/noticia\/wp-json\/wp\/v2\/posts\/142475","targetHints":{"allow":["GET"]}}],"collection":[{"href":"https:\/\/www.redenoticia.com.br\/noticia\/wp-json\/wp\/v2\/posts"}],"about":[{"href":"https:\/\/www.redenoticia.com.br\/noticia\/wp-json\/wp\/v2\/types\/post"}],"author":[{"embeddable":true,"href":"https:\/\/www.redenoticia.com.br\/noticia\/wp-json\/wp\/v2\/users\/2"}],"replies":[{"embeddable":true,"href":"https:\/\/www.redenoticia.com.br\/noticia\/wp-json\/wp\/v2\/comments?post=142475"}],"version-history":[{"count":0,"href":"https:\/\/www.redenoticia.com.br\/noticia\/wp-json\/wp\/v2\/posts\/142475\/revisions"}],"wp:featuredmedia":[{"embeddable":true,"href":"https:\/\/www.redenoticia.com.br\/noticia\/wp-json\/wp\/v2\/media\/57583"}],"wp:attachment":[{"href":"https:\/\/www.redenoticia.com.br\/noticia\/wp-json\/wp\/v2\/media?parent=142475"}],"wp:term":[{"taxonomy":"category","embeddable":true,"href":"https:\/\/www.redenoticia.com.br\/noticia\/wp-json\/wp\/v2\/categories?post=142475"},{"taxonomy":"post_tag","embeddable":true,"href":"https:\/\/www.redenoticia.com.br\/noticia\/wp-json\/wp\/v2\/tags?post=142475"}],"curies":[{"name":"wp","href":"https:\/\/api.w.org\/{rel}","templated":true}]}}