{"id":141340,"date":"2018-05-11T17:00:14","date_gmt":"2018-05-11T20:00:14","guid":{"rendered":"https:\/\/www.redenoticia.com.br\/noticia\/?p=141340"},"modified":"2018-05-11T18:37:17","modified_gmt":"2018-05-11T21:37:17","slug":"previsao-do-tempo-brasil-nesta-sabado-12-05","status":"publish","type":"post","link":"https:\/\/www.redenoticia.com.br\/noticia\/2018\/previsao-do-tempo-brasil-nesta-sabado-12-05\/141340","title":{"rendered":"Previs\u00e3o do tempo Brasil neste s\u00e1bado (12\/05)"},"content":{"rendered":"<p><img loading=\"lazy\" decoding=\"async\" class=\"alignleft wp-image-28409 size-thumbnail\" src=\"https:\/\/www.redenoticia.com.br\/noticia\/imagens\/previsao-do-tempo-e-temperatura-150x96.jpg\" alt=\"Previs\u00e3o do tempo para o Brasil\" width=\"150\" height=\"96\" srcset=\"https:\/\/www.redenoticia.com.br\/noticia\/imagens\/previsao-do-tempo-e-temperatura-150x96.jpg 150w, https:\/\/www.redenoticia.com.br\/noticia\/imagens\/previsao-do-tempo-e-temperatura-250x160.jpg 250w, https:\/\/www.redenoticia.com.br\/noticia\/imagens\/previsao-do-tempo-e-temperatura.jpg 300w\" sizes=\"auto, (max-width: 150px) 100vw, 150px\" \/><strong><em>A previs\u00e3o do tempo\u00a0e temperatura<\/em><\/strong> CPTEC\/INPE para s\u00e1bado (12\/05) indica que a frente fria dever\u00e1 se deslocar at\u00e9 o litoral de SP, deixando o tempo inst\u00e1vel com per\u00edodos de chuva entre o leste do PR e de SP. A partir da tarde, principalmente, ocorrer\u00e3o pancadas de chuva isoladas nas demais \u00e1reas do estado de SP, no norte de MS e sul de MT. Na faixa norte do Brasil, entre o AM e o norte do Nordeste brasileiro persistir\u00e3o as pancadas de chuva. O tempo tamb\u00e9m seguir\u00e1 inst\u00e1vel em parte do leste do Nordeste, principalmente entre a PB e PE, onde pontualmente podem ocorrer acumulados significativo de precipita\u00e7\u00e3o. <\/p>\n<p>Previs\u00e3o do tempo para o Vale do Para\u00edba 12\/05\/2018: o dia come\u00e7ar\u00e1 com sol e poucas nuvens. No entanto, a nebulosidade dever\u00e1 aumentar no decorrer do per\u00edodo e haver\u00e1 condi\u00e7\u00e3o para chuva, a partir da tarde, principalmente no Litoral Norte. As temperaturas permanecer\u00e3o est\u00e1veis.<\/p>\n<p>Previs\u00e3o do tempo para a Regi\u00e3o Centro-Oeste 12\/05\/2018:\u00a0No norte e leste de MS, sul, oeste e norte de MT o dia ser\u00e1 de pancadas de chuva localizadas. Nas demais \u00e1reas da regi\u00e3o o sol ir\u00e1 predominar. Temperatura est\u00e1vel.<\/p>\n<p>Previs\u00e3o do tempo para a Regi\u00e3o Nordeste 12\/05\/2018:\u00a0No norte da regi\u00e3o o dia ser\u00e1 de pancadas de chuva localizadas. No litoral do RN at\u00e9 PE o tempo estar\u00e1 inst\u00e1vel. No leste da regi\u00e3o haver\u00e1 possibilidade de chuva. Nas demais \u00e1reas da regi\u00e3o o sol ir\u00e1 predominar. Temperatura est\u00e1vel.<\/p>\n<p>Previs\u00e3o do tempo para a Regi\u00e3o Norte 12\/05\/2018:\u00a0No centro-sul do TO o sol predominar\u00e1 e a umidade relativa do ar estar\u00e1 baixa, principalmente \u00e0 tarde. No sul do AM e em grande parte de RO o dia ser\u00e1 de possibilidade de pancadas de chuva localizadas. Nas demais \u00e1reas da regi\u00e3o haver\u00e1 nebulosidade vari\u00e1vel com pancadas de chuva isoladas. Temperatura est\u00e1vel.<\/p>\n<p>Previs\u00e3o do tempo para a Regi\u00e3o Sudeste 12\/05\/2018:\u00a0No nordeste de MG e norte do ES o dia ser\u00e1 de sol e varia\u00e7\u00e3o de nuvens. No sul do RJ, leste e centro-norte de SP haver\u00e1 possibilidade de chuva \u00e0 tarde. Nas demais \u00e1reas de SP o dia ser\u00e1 encoberto com chuva isolada. Nas demais \u00e1reas da regi\u00e3o o sol ir\u00e1 predominar. Temperatura est\u00e1vel.<\/p>\n<p>Previs\u00e3o do tempo para a Regi\u00e3o Sul 12\/05\/2018:\u00a0No norte do PR o dia ser\u00e1 encoberto com chuva isolada. No litoral do PR e SC o tempo ficar\u00e1 nublado com possibilidade de chuva. No oeste do RS, PR e SC o sol ir\u00e1 predominar. Nas demais \u00e1reas da regi\u00e3o haver\u00e1 sol e poucas nuvens. Temperatura est\u00e1vel.<\/p>\n<p>Fonte &#8216;Previs\u00e3o do tempo&#8217; CPTEC<\/p>\n","protected":false},"excerpt":{"rendered":"<p>A previs\u00e3o do tempo\u00a0e temperatura CPTEC\/INPE para s\u00e1bado (12\/05) indica que a frente fria dever\u00e1 se deslocar at\u00e9 o litoral de SP, deixando o tempo inst\u00e1vel com per\u00edodos de chuva entre o leste do PR e de SP. A partir da tarde, principalmente, ocorrer\u00e3o pancadas de chuva isoladas nas demais \u00e1reas do estado de SP, [&hellip;]<\/p>\n","protected":false},"author":4,"featured_media":26614,"comment_status":"open","ping_status":"closed","sticky":false,"template":"","format":"standard","meta":{"_genesis_hide_title":false,"_genesis_hide_breadcrumbs":false,"_genesis_hide_singular_image":false,"_genesis_hide_footer_widgets":false,"_genesis_custom_body_class":"","_genesis_custom_post_class":"","_genesis_layout":"","_jetpack_memberships_contains_paid_content":false,"footnotes":""},"categories":[327,376],"tags":[475],"class_list":{"0":"post-141340","1":"post","2":"type-post","3":"status-publish","4":"format-standard","5":"has-post-thumbnail","7":"category-clima","8":"category-clima-brasil","9":"tag-previsao-tempo","10":"entry","11":"gs-1","12":"gs-odd","13":"gs-even","14":"gs-featured-content-entry"},"jetpack_featured_media_url":"https:\/\/www.redenoticia.com.br\/noticia\/imagens\/previsao-tempo-clima-chuva.jpg","jetpack_sharing_enabled":true,"jetpack_likes_enabled":true,"_links":{"self":[{"href":"https:\/\/www.redenoticia.com.br\/noticia\/wp-json\/wp\/v2\/posts\/141340","targetHints":{"allow":["GET"]}}],"collection":[{"href":"https:\/\/www.redenoticia.com.br\/noticia\/wp-json\/wp\/v2\/posts"}],"about":[{"href":"https:\/\/www.redenoticia.com.br\/noticia\/wp-json\/wp\/v2\/types\/post"}],"author":[{"embeddable":true,"href":"https:\/\/www.redenoticia.com.br\/noticia\/wp-json\/wp\/v2\/users\/4"}],"replies":[{"embeddable":true,"href":"https:\/\/www.redenoticia.com.br\/noticia\/wp-json\/wp\/v2\/comments?post=141340"}],"version-history":[{"count":0,"href":"https:\/\/www.redenoticia.com.br\/noticia\/wp-json\/wp\/v2\/posts\/141340\/revisions"}],"wp:featuredmedia":[{"embeddable":true,"href":"https:\/\/www.redenoticia.com.br\/noticia\/wp-json\/wp\/v2\/media\/26614"}],"wp:attachment":[{"href":"https:\/\/www.redenoticia.com.br\/noticia\/wp-json\/wp\/v2\/media?parent=141340"}],"wp:term":[{"taxonomy":"category","embeddable":true,"href":"https:\/\/www.redenoticia.com.br\/noticia\/wp-json\/wp\/v2\/categories?post=141340"},{"taxonomy":"post_tag","embeddable":true,"href":"https:\/\/www.redenoticia.com.br\/noticia\/wp-json\/wp\/v2\/tags?post=141340"}],"curies":[{"name":"wp","href":"https:\/\/api.w.org\/{rel}","templated":true}]}}