{"id":141051,"date":"2018-05-08T19:29:39","date_gmt":"2018-05-08T22:29:39","guid":{"rendered":"https:\/\/www.redenoticia.com.br\/noticia\/?p=141051"},"modified":"2018-05-08T19:29:39","modified_gmt":"2018-05-08T22:29:39","slug":"previsao-do-tempo-na-regiao-nordeste-em-09-05","status":"publish","type":"post","link":"https:\/\/www.redenoticia.com.br\/noticia\/2018\/previsao-do-tempo-na-regiao-nordeste-em-09-05\/141051","title":{"rendered":"Previs\u00e3o do tempo na Regi\u00e3o Nordeste em 09\/05"},"content":{"rendered":"<figure id=\"attachment_26381\" aria-describedby=\"caption-attachment-26381\" style=\"width: 150px\" class=\"wp-caption alignleft\"><img loading=\"lazy\" decoding=\"async\" class=\"wp-image-26381 size-thumbnail\" src=\"https:\/\/www.redenoticia.com.br\/noticia\/imagens\/previsao-tempo-clima-chuva-sol-temperatura-150x96.jpg\" alt=\"\" width=\"150\" height=\"96\" srcset=\"https:\/\/www.redenoticia.com.br\/noticia\/imagens\/previsao-tempo-clima-chuva-sol-temperatura-150x96.jpg 150w, https:\/\/www.redenoticia.com.br\/noticia\/imagens\/previsao-tempo-clima-chuva-sol-temperatura-250x160.jpg 250w, https:\/\/www.redenoticia.com.br\/noticia\/imagens\/previsao-tempo-clima-chuva-sol-temperatura.jpg 300w\" sizes=\"auto, (max-width: 150px) 100vw, 150px\" \/><figcaption id=\"caption-attachment-26381\" class=\"wp-caption-text\">Previs\u00e3o do tempo para o Nordeste<\/figcaption><\/figure>\n<p><strong>Previs\u00e3o<em> do tempo<\/em><\/strong>\u00a0na Regi\u00e3o <strong><em>Nordeste<\/em><\/strong>, segundo o CPTEC\/INPE, em 09\/05\/2018:No litoral de SE e sul da BA o dia ser\u00e1 de chuva isolada. No litoral da BA o dia ser\u00e1 de chuva peri\u00f3dica. Nas demais \u00e1reas da BA, sul do PI, MA, demais \u00e1reas de AL, oeste de PE o dia ser\u00e1 de sol e poucas nuvens. Nas demais \u00e1reas da regi\u00e3o o dia ser\u00e1 de pancadas de chuva. Temperatura est\u00e1vel. <\/p>\n<p>10\/05\/2018:O dia ser\u00e1 de pancadas de chuva localizadas no norte da regi\u00e3o. No leste e sul de PE, AL, SE e norte da BA o dia ser\u00e1 nublado com possibilidade de chuva. No litoral da BA haver\u00e1 chuva isolada. Nas demais \u00e1reas da regi\u00e3o o dia ser\u00e1 de sol e poucas nuvens. Temperatura est\u00e1vel.  <\/p>\n<p>Previs\u00e3o do tempo CPTEC\/INPE<\/p>\n<p>&#8212;<br \/>\nCentro de Previs\u00e3o de Tempo e Estudos Clim\u00e1ticos<br \/>\nO CPTEC (Centro de Previs\u00e3o de Tempo e Estudos Clim\u00e1ticos) do INPE (Instituto Nacional de Pesquisas Espaciais) \u00e9 o passaporte do Brasil para o primeiro mundo das previs\u00f5es meteorol\u00f3gicas. Com o novo supercomputador (CRAY XT6), rec\u00e9m adquirido, ser\u00e1 poss\u00edvel ao Centro melhorar a resolu\u00e7\u00e3o espacial dos modelos de previs\u00e3o de tempo, de clima sazonal, ambiental (qualidade do ar) e de proje\u00e7\u00f5es de cen\u00e1rios de mudan\u00e7as clim\u00e1ticas. O CPTEC j\u00e1 vem aperfei\u00e7oando seus modelos para que o novo supercomputador tamb\u00e9m possa gerar previs\u00f5es com mais dias de anteced\u00eancia, al\u00e9m de prever chuvas e eventos extremos com maior confiabilidade.<\/p>\n<p>Anteriormente, eram utilizados os modelos vetoriais SX-6 e SX-4 fabricados pela NEC Corporation do Jap\u00e3o, com capacidade de processar at\u00e9 768 bilh\u00f5es e 16 bilh\u00f5es de opera\u00e7\u00f5es aritm\u00e9ticas em ponto flutuante por segundo respectivamente. O cluster UNA com 1100 processadores fabricado pela &#8220;SUN Microsystem&#8221; tem capacidade de processar at\u00e9 5.7 trilh\u00f5es de opera\u00e7\u00f5es aritm\u00e9ticas em ponto flutuante por segundo. Tudo isso, significa possibilidade de utilizar modelos num\u00e9ricos para simula\u00e7\u00e3o de tempo e clima, integrando informa\u00e7\u00f5es atmosf\u00e9ricas e oce\u00e2nicas. O resultado disso s\u00e3o previs\u00f5es de tempo confi\u00e1veis, para todo o pa\u00eds.<\/p>\n","protected":false},"excerpt":{"rendered":"<p>Previs\u00e3o do tempo\u00a0na Regi\u00e3o Nordeste, segundo o CPTEC\/INPE, em 09\/05\/2018:No litoral de SE e sul da BA o dia ser\u00e1 de chuva isolada. No litoral da BA o dia ser\u00e1 de chuva peri\u00f3dica. Nas demais \u00e1reas da BA, sul do PI, MA, demais \u00e1reas de AL, oeste de PE o dia ser\u00e1 de sol e [&hellip;]<\/p>\n","protected":false},"author":2,"featured_media":28392,"comment_status":"open","ping_status":"closed","sticky":false,"template":"","format":"standard","meta":{"_genesis_hide_title":false,"_genesis_hide_breadcrumbs":false,"_genesis_hide_singular_image":false,"_genesis_hide_footer_widgets":false,"_genesis_custom_body_class":"","_genesis_custom_post_class":"","_genesis_layout":"","_jetpack_memberships_contains_paid_content":false,"footnotes":""},"categories":[327],"tags":[475],"class_list":{"0":"post-141051","1":"post","2":"type-post","3":"status-publish","4":"format-standard","5":"has-post-thumbnail","7":"category-clima","8":"tag-previsao-tempo","9":"entry","10":"gs-1","11":"gs-odd","12":"gs-even","13":"gs-featured-content-entry"},"jetpack_featured_media_url":"https:\/\/www.redenoticia.com.br\/noticia\/imagens\/previsao-do-tempo-vale-do-paraiba.jpg","jetpack_sharing_enabled":true,"jetpack_likes_enabled":true,"_links":{"self":[{"href":"https:\/\/www.redenoticia.com.br\/noticia\/wp-json\/wp\/v2\/posts\/141051","targetHints":{"allow":["GET"]}}],"collection":[{"href":"https:\/\/www.redenoticia.com.br\/noticia\/wp-json\/wp\/v2\/posts"}],"about":[{"href":"https:\/\/www.redenoticia.com.br\/noticia\/wp-json\/wp\/v2\/types\/post"}],"author":[{"embeddable":true,"href":"https:\/\/www.redenoticia.com.br\/noticia\/wp-json\/wp\/v2\/users\/2"}],"replies":[{"embeddable":true,"href":"https:\/\/www.redenoticia.com.br\/noticia\/wp-json\/wp\/v2\/comments?post=141051"}],"version-history":[{"count":0,"href":"https:\/\/www.redenoticia.com.br\/noticia\/wp-json\/wp\/v2\/posts\/141051\/revisions"}],"wp:featuredmedia":[{"embeddable":true,"href":"https:\/\/www.redenoticia.com.br\/noticia\/wp-json\/wp\/v2\/media\/28392"}],"wp:attachment":[{"href":"https:\/\/www.redenoticia.com.br\/noticia\/wp-json\/wp\/v2\/media?parent=141051"}],"wp:term":[{"taxonomy":"category","embeddable":true,"href":"https:\/\/www.redenoticia.com.br\/noticia\/wp-json\/wp\/v2\/categories?post=141051"},{"taxonomy":"post_tag","embeddable":true,"href":"https:\/\/www.redenoticia.com.br\/noticia\/wp-json\/wp\/v2\/tags?post=141051"}],"curies":[{"name":"wp","href":"https:\/\/api.w.org\/{rel}","templated":true}]}}