{"id":140397,"date":"2018-04-27T16:50:01","date_gmt":"2018-04-27T19:50:01","guid":{"rendered":"https:\/\/www.redenoticia.com.br\/noticia\/?p=140397"},"modified":"2018-04-27T17:47:15","modified_gmt":"2018-04-27T20:47:15","slug":"resumo-novela-orgulho-e-paixao-28-04-fani-quer-guardar-o-vestido-de-noiva-de-cecilia","status":"publish","type":"post","link":"https:\/\/www.redenoticia.com.br\/noticia\/2018\/resumo-novela-orgulho-e-paixao-28-04-fani-quer-guardar-o-vestido-de-noiva-de-cecilia\/140397","title":{"rendered":"Resumo novela \u201cOrgulho e Paix\u00e3o\u201d 28\/04: Fani quer guardar vestido de Cec\u00edlia"},"content":{"rendered":"<p><img loading=\"lazy\" decoding=\"async\" src=\"https:\/\/www.redenoticia.com.br\/noticia\/imagens\/orgulho-e-paixao-novela-globo-resumo-Foto-Joao-Miguel-junior-tv-globo-150x112.jpg\" alt=\"\" width=\"150\" height=\"112\" class=\"alignleft size-thumbnail wp-image-134200\" srcset=\"https:\/\/www.redenoticia.com.br\/noticia\/imagens\/orgulho-e-paixao-novela-globo-resumo-Foto-Joao-Miguel-junior-tv-globo-150x112.jpg 150w, https:\/\/www.redenoticia.com.br\/noticia\/imagens\/orgulho-e-paixao-novela-globo-resumo-Foto-Joao-Miguel-junior-tv-globo-265x198.jpg 265w\" sizes=\"auto, (max-width: 150px) 100vw, 150px\" \/><strong><em>Resumo novela \u201cOrgulho e Paix\u00e3o\u201d 28\/04<\/em><\/strong>: no cap\u00edtulo 035(*) da novela \u201cOrgulho e Paix\u00e3o\u201d, resumo de s\u00e1bado, 28 de abril, Charlotte afirma a Elisabeta que ela \u00e9 a \u00fanica mulher que seu irm\u00e3o amou de verdade. Lorde Williamson e Julieta chegam \u00e0 fazenda Ouro Verde. O Bar\u00e3o n\u00e3o aceita fazer acordo com Julieta. Aur\u00e9lio beija Julieta e o Bar\u00e3o v\u00ea, acusando o filho de traidor. Oleg\u00e1rio abre uma conta em nome de Susana no estabelecimento de Agatha. Xavier e Virg\u00edlio usam Mariana para atrair o Motoqueiro Vermelho. Vestido como o Motoqueiro, Brand\u00e3o salva Mariana e foge da patrulha. Brand\u00e3o v\u00ea Uirapuru disfar\u00e7ado como o Motoqueiro Vermelho e comenta com Luccino. Julieta contrata os servi\u00e7os de Oleg\u00e1rio, na inten\u00e7\u00e3o de afastar-se de Aur\u00e9lio. Fani se oferece para guardar o vestido de noiva de Cec\u00edlia. Darcy e Elisabeta se reencontram.<\/p>\n<p>(*) edi\u00e7\u00e3o da Rede Globo, Novela \u201cOrgulho e Paix\u00e3o\u201d, sujeito a altera\u00e7\u00e3o de data e conte\u00fado.<\/p>\n<p>No fict\u00edcio Vale do Caf\u00e9, interior de S\u00e3o Paulo, nossos personagens vivem seus conflitos sociais e de conduta, que sempre se contrap\u00f5em aos desejos pessoais de cada um. Elisabeta (Nathalia Dill) \u00e9 uma mulher \u00e0 frente do seu tempo, com pensamentos igualit\u00e1rios e interesses at\u00edpicos para uma jovem do in\u00edcio do s\u00e9culo XX. Ela deseja trabalhar, conhecer o mundo e \u00e9 incentivada a realizar seus sonhos pelo pai, Felisberto (Tato Gabus Mendes), que vive \u00e0s turras com a mulher, Of\u00e9lia (Vera Holtz), por pensarem diferente sobre a cria\u00e7\u00e3o das filhas. Ao todo, o casal teve cinco mulheres, e cada uma com uma personalidade diferente.<\/p>\n<p>A personagem de Nathalia Dill entrar\u00e1 em conflito quando se apaixonar por Darcy (Thiago Lacerda), um homem de car\u00e1ter e muito sisudo. O amor n\u00e3o \u00e9 \u00e0 primeira vista, j\u00e1 que os dois n\u00e3o se entendem assim que se conhecem. O sentimento de repulsa dar\u00e1 lugar a uma grande paix\u00e3o, que ser\u00e1 negada pelo casal o m\u00e1ximo poss\u00edvel.<\/p>\n","protected":false},"excerpt":{"rendered":"<p>Resumo novela \u201cOrgulho e Paix\u00e3o\u201d 28\/04: no cap\u00edtulo 035(*) da novela \u201cOrgulho e Paix\u00e3o\u201d, resumo de s\u00e1bado, 28 de abril, Charlotte afirma a Elisabeta que ela \u00e9 a \u00fanica mulher que seu irm\u00e3o amou de verdade. Lorde Williamson e Julieta chegam \u00e0 fazenda Ouro Verde. O Bar\u00e3o n\u00e3o aceita fazer acordo com Julieta. Aur\u00e9lio beija [&hellip;]<\/p>\n","protected":false},"author":4,"featured_media":134200,"comment_status":"open","ping_status":"closed","sticky":false,"template":"","format":"standard","meta":{"_genesis_hide_title":false,"_genesis_hide_breadcrumbs":false,"_genesis_hide_singular_image":false,"_genesis_hide_footer_widgets":false,"_genesis_custom_body_class":"","_genesis_custom_post_class":"","_genesis_layout":"","_jetpack_memberships_contains_paid_content":false,"footnotes":""},"categories":[379,467,375,343],"tags":[441],"class_list":{"0":"post-140397","1":"post","2":"type-post","3":"status-publish","4":"format-standard","5":"has-post-thumbnail","7":"category-novelas","8":"category-orgulho-e-paixao","9":"category-rede-globo","10":"category-televisao","11":"tag-resumo-do-dia","12":"entry","13":"gs-1","14":"gs-odd","15":"gs-even","16":"gs-featured-content-entry"},"jetpack_featured_media_url":"https:\/\/www.redenoticia.com.br\/noticia\/imagens\/orgulho-e-paixao-novela-globo-resumo-Foto-Joao-Miguel-junior-tv-globo.jpg","jetpack_sharing_enabled":true,"jetpack_likes_enabled":true,"_links":{"self":[{"href":"https:\/\/www.redenoticia.com.br\/noticia\/wp-json\/wp\/v2\/posts\/140397","targetHints":{"allow":["GET"]}}],"collection":[{"href":"https:\/\/www.redenoticia.com.br\/noticia\/wp-json\/wp\/v2\/posts"}],"about":[{"href":"https:\/\/www.redenoticia.com.br\/noticia\/wp-json\/wp\/v2\/types\/post"}],"author":[{"embeddable":true,"href":"https:\/\/www.redenoticia.com.br\/noticia\/wp-json\/wp\/v2\/users\/4"}],"replies":[{"embeddable":true,"href":"https:\/\/www.redenoticia.com.br\/noticia\/wp-json\/wp\/v2\/comments?post=140397"}],"version-history":[{"count":0,"href":"https:\/\/www.redenoticia.com.br\/noticia\/wp-json\/wp\/v2\/posts\/140397\/revisions"}],"wp:featuredmedia":[{"embeddable":true,"href":"https:\/\/www.redenoticia.com.br\/noticia\/wp-json\/wp\/v2\/media\/134200"}],"wp:attachment":[{"href":"https:\/\/www.redenoticia.com.br\/noticia\/wp-json\/wp\/v2\/media?parent=140397"}],"wp:term":[{"taxonomy":"category","embeddable":true,"href":"https:\/\/www.redenoticia.com.br\/noticia\/wp-json\/wp\/v2\/categories?post=140397"},{"taxonomy":"post_tag","embeddable":true,"href":"https:\/\/www.redenoticia.com.br\/noticia\/wp-json\/wp\/v2\/tags?post=140397"}],"curies":[{"name":"wp","href":"https:\/\/api.w.org\/{rel}","templated":true}]}}