{"id":139185,"date":"2018-04-11T16:37:52","date_gmt":"2018-04-11T19:37:52","guid":{"rendered":"https:\/\/www.redenoticia.com.br\/noticia\/?p=139185"},"modified":"2018-04-11T16:41:57","modified_gmt":"2018-04-11T19:41:57","slug":"resumo-novela-orgulho-e-paixao-12-04-elisabeta-nao-quer-voltar-para-o-vale-do-cafe","status":"publish","type":"post","link":"https:\/\/www.redenoticia.com.br\/noticia\/2018\/resumo-novela-orgulho-e-paixao-12-04-elisabeta-nao-quer-voltar-para-o-vale-do-cafe\/139185","title":{"rendered":"Resumo novela \u201cOrgulho e Paix\u00e3o\u201d 12\/04: Elisabeta n\u00e3o quer voltar para o Vale do Caf\u00e9"},"content":{"rendered":"<p><img loading=\"lazy\" decoding=\"async\" src=\"https:\/\/www.redenoticia.com.br\/noticia\/imagens\/orgulho-e-paixao-novela-globo-resumo-Foto-Joao-Miguel-junior-tv-globo-150x112.jpg\" alt=\"\" width=\"150\" height=\"112\" class=\"alignleft size-thumbnail wp-image-134200\" srcset=\"https:\/\/www.redenoticia.com.br\/noticia\/imagens\/orgulho-e-paixao-novela-globo-resumo-Foto-Joao-Miguel-junior-tv-globo-150x112.jpg 150w, https:\/\/www.redenoticia.com.br\/noticia\/imagens\/orgulho-e-paixao-novela-globo-resumo-Foto-Joao-Miguel-junior-tv-globo-265x198.jpg 265w\" sizes=\"auto, (max-width: 150px) 100vw, 150px\" \/><strong><em>Resumo novela \u201cOrgulho e Paix\u00e3o\u201d 12\/04<\/em><\/strong>: no cap\u00edtulo 021(*) da novela \u201cOrgulho e Paix\u00e3o\u201d, resumo de quinta-feira, 12 de abril, Darcy descobre as mentiras de Susana, que finge um desmaio no restaurante. Xavier decide inflamar a popula\u00e7\u00e3o do Vale do Caf\u00e9 contra o Motoqueiro Vermelho. Camilo se nega a obedecer as ordens de Julieta e afirma que ficar\u00e1 com Jane. L\u00eddia se intromete no passeio de Uirapuru e Mariana. Estilingue revela a Ema que Jorge escreve sobre ela em seu di\u00e1rio. <\/p>\n<p>O Bar\u00e3o e Aur\u00e9lio v\u00e3o at\u00e9 a casa de Of\u00e9lia e Felisberto para ter not\u00edcias de Ema. Ernesto tem uma conversa com Fani. Julieta confidencia a Susana que j\u00e1 sabe como separar Camilo de Jane. Elisabeta, Darcy, Jane e Camilo se divertem em S\u00e3o Paulo. Com medo do Motoqueiro Vermelho, Uirapuru decide se afastar de L\u00eddia. Mariana fica curiosa sobre a queimada no cafezal. Ema conhece Ludmila. <\/p>\n<p>Darcy e Elisabeta trocam juras de amor. Ernesto se assusta ao ver o quadro de Josephine se movendo sozinho na mans\u00e3o do parque. Xavier acusa o Motoqueiro Vermelho pelo inc\u00eandio e Brand\u00e3o e Mariana o defendem. Julieta ordena Camilo a embarcar para a Europa. Elisabeta confessa para Jane e Ema que n\u00e3o deseja voltar para o Vale do Caf\u00e9.<\/p>\n<p>(*) edi\u00e7\u00e3o da Rede Globo, Novela \u201cOrgulho e Paix\u00e3o\u201d, sujeito a altera\u00e7\u00e3o de data e conte\u00fado.<\/p>\n<p>No fict\u00edcio Vale do Caf\u00e9, interior de S\u00e3o Paulo, nossos personagens vivem seus conflitos sociais e de conduta, que sempre se contrap\u00f5em aos desejos pessoais de cada um. Elisabeta (Nathalia Dill) \u00e9 uma mulher \u00e0 frente do seu tempo, com pensamentos igualit\u00e1rios e interesses at\u00edpicos para uma jovem do in\u00edcio do s\u00e9culo XX. Ela deseja trabalhar, conhecer o mundo e \u00e9 incentivada a realizar seus sonhos pelo pai, Felisberto (Tato Gabus Mendes), que vive \u00e0s turras com a mulher, Of\u00e9lia (Vera Holtz), por pensarem diferente sobre a cria\u00e7\u00e3o das filhas. Ao todo, o casal teve cinco mulheres, e cada uma com uma personalidade diferente.<\/p>\n<p>A personagem de Nathalia Dill entrar\u00e1 em conflito quando se apaixonar por Darcy (Thiago Lacerda), um homem de car\u00e1ter e muito sisudo. O amor n\u00e3o \u00e9 \u00e0 primeira vista, j\u00e1 que os dois n\u00e3o se entendem assim que se conhecem. O sentimento de repulsa dar\u00e1 lugar a uma grande paix\u00e3o, que ser\u00e1 negada pelo casal o m\u00e1ximo poss\u00edvel.<\/p>\n","protected":false},"excerpt":{"rendered":"<p>Resumo novela \u201cOrgulho e Paix\u00e3o\u201d 12\/04: no cap\u00edtulo 021(*) da novela \u201cOrgulho e Paix\u00e3o\u201d, resumo de quinta-feira, 12 de abril, Darcy descobre as mentiras de Susana, que finge um desmaio no restaurante. Xavier decide inflamar a popula\u00e7\u00e3o do Vale do Caf\u00e9 contra o Motoqueiro Vermelho. Camilo se nega a obedecer as ordens de Julieta e [&hellip;]<\/p>\n","protected":false},"author":4,"featured_media":134200,"comment_status":"open","ping_status":"closed","sticky":false,"template":"","format":"standard","meta":{"_genesis_hide_title":false,"_genesis_hide_breadcrumbs":false,"_genesis_hide_singular_image":false,"_genesis_hide_footer_widgets":false,"_genesis_custom_body_class":"","_genesis_custom_post_class":"","_genesis_layout":"","_jetpack_memberships_contains_paid_content":false,"footnotes":""},"categories":[379,467,375,343],"tags":[441],"class_list":{"0":"post-139185","1":"post","2":"type-post","3":"status-publish","4":"format-standard","5":"has-post-thumbnail","7":"category-novelas","8":"category-orgulho-e-paixao","9":"category-rede-globo","10":"category-televisao","11":"tag-resumo-do-dia","12":"entry","13":"gs-1","14":"gs-odd","15":"gs-even","16":"gs-featured-content-entry"},"jetpack_featured_media_url":"https:\/\/www.redenoticia.com.br\/noticia\/imagens\/orgulho-e-paixao-novela-globo-resumo-Foto-Joao-Miguel-junior-tv-globo.jpg","jetpack_sharing_enabled":true,"jetpack_likes_enabled":true,"_links":{"self":[{"href":"https:\/\/www.redenoticia.com.br\/noticia\/wp-json\/wp\/v2\/posts\/139185","targetHints":{"allow":["GET"]}}],"collection":[{"href":"https:\/\/www.redenoticia.com.br\/noticia\/wp-json\/wp\/v2\/posts"}],"about":[{"href":"https:\/\/www.redenoticia.com.br\/noticia\/wp-json\/wp\/v2\/types\/post"}],"author":[{"embeddable":true,"href":"https:\/\/www.redenoticia.com.br\/noticia\/wp-json\/wp\/v2\/users\/4"}],"replies":[{"embeddable":true,"href":"https:\/\/www.redenoticia.com.br\/noticia\/wp-json\/wp\/v2\/comments?post=139185"}],"version-history":[{"count":0,"href":"https:\/\/www.redenoticia.com.br\/noticia\/wp-json\/wp\/v2\/posts\/139185\/revisions"}],"wp:featuredmedia":[{"embeddable":true,"href":"https:\/\/www.redenoticia.com.br\/noticia\/wp-json\/wp\/v2\/media\/134200"}],"wp:attachment":[{"href":"https:\/\/www.redenoticia.com.br\/noticia\/wp-json\/wp\/v2\/media?parent=139185"}],"wp:term":[{"taxonomy":"category","embeddable":true,"href":"https:\/\/www.redenoticia.com.br\/noticia\/wp-json\/wp\/v2\/categories?post=139185"},{"taxonomy":"post_tag","embeddable":true,"href":"https:\/\/www.redenoticia.com.br\/noticia\/wp-json\/wp\/v2\/tags?post=139185"}],"curies":[{"name":"wp","href":"https:\/\/api.w.org\/{rel}","templated":true}]}}