{"id":137463,"date":"2018-03-19T16:52:17","date_gmt":"2018-03-19T19:52:17","guid":{"rendered":"https:\/\/www.redenoticia.com.br\/noticia\/?p=137463"},"modified":"2018-03-19T15:59:49","modified_gmt":"2018-03-19T18:59:49","slug":"resumo-novela-orgulho-e-paixao-20-03-elisabeta-e-darcy-se-conhecem","status":"publish","type":"post","link":"https:\/\/www.redenoticia.com.br\/noticia\/2018\/resumo-novela-orgulho-e-paixao-20-03-elisabeta-e-darcy-se-conhecem\/137463","title":{"rendered":"Resumo novela \u201cOrgulho e Paix\u00e3o\u201d 20\/03: Elisabeta e Darcy se conhecem"},"content":{"rendered":"<p><img loading=\"lazy\" decoding=\"async\" src=\"https:\/\/www.redenoticia.com.br\/noticia\/imagens\/orgulho-e-paixao-novela-globo-resumo-Foto-Joao-Miguel-junior-tv-globo-150x112.jpg\" alt=\"\" width=\"150\" height=\"112\" class=\"alignleft size-thumbnail wp-image-134200\" srcset=\"https:\/\/www.redenoticia.com.br\/noticia\/imagens\/orgulho-e-paixao-novela-globo-resumo-Foto-Joao-Miguel-junior-tv-globo-150x112.jpg 150w, https:\/\/www.redenoticia.com.br\/noticia\/imagens\/orgulho-e-paixao-novela-globo-resumo-Foto-Joao-Miguel-junior-tv-globo-265x198.jpg 265w\" sizes=\"auto, (max-width: 150px) 100vw, 150px\" \/><strong><em>Resumo novela \u201cOrgulho e Paix\u00e3o\u201d 20\/03<\/em><\/strong>: no cap\u00edtulo 001(*) da novela \u201cOrgulho e Paix\u00e3o\u201d, resumo de ter\u00e7a-feira, 20 de mar\u00e7o, Elisabeta sonha em conhecer o mundo. Of\u00e9lia incentiva suas filhas a se casarem com um homem de posses. Ema anuncia a chegada de Camilo e Darcy e diz que haver\u00e1 um baile na casa de seu av\u00f4, o Bar\u00e3o de Ouro Verde. L\u00eddia, Jane e Mariana pensam em suas roupas para o baile. Of\u00e9lia repreende Elisabeta e Cec\u00edlia por conta do desinteresse delas em rela\u00e7\u00e3o \u00e0 festa. Agatha recebe Darcy e Camilo na casa de ch\u00e1. Julieta se prepara para dominar as terras do Vale do Caf\u00e9, com a ajuda de Susana. Susana sonha em se casar com Darcy, e Pet\u00falia faz deboche dela em rela\u00e7\u00e3o a isso. Of\u00e9lia, Felisberto, Elisabeta e Ema conversam sobre as caracter\u00edsticas de Jane, L\u00eddia, Cec\u00edlia e Mariana. Susana sugere a Julieta que as duas monitorem as atitudes de Camilo. Elisabeta afirma a Ema que sua prioridade n\u00e3o \u00e9 o casamento. Jorge elogia Ema. Elisabeta e Darcy se conhecem.<\/p>\n<p>(*) edi\u00e7\u00e3o da Rede Globo, Novela \u201cOrgulho e Paix\u00e3o\u201d, sujeito a altera\u00e7\u00e3o de data e conte\u00fado.<\/p>\n<p>No fict\u00edcio Vale do Caf\u00e9, interior de S\u00e3o Paulo, nossos personagens vivem seus conflitos sociais e de conduta, que sempre se contrap\u00f5em aos desejos pessoais de cada um. Elisabeta (Nathalia Dill) \u00e9 uma mulher \u00e0 frente do seu tempo, com pensamentos igualit\u00e1rios e interesses at\u00edpicos para uma jovem do in\u00edcio do s\u00e9culo XX. Ela deseja trabalhar, conhecer o mundo e \u00e9 incentivada a realizar seus sonhos pelo pai, Felisberto (Tato Gabus Mendes), que vive \u00e0s turras com a mulher, Of\u00e9lia (Vera Holtz), por pensarem diferente sobre a cria\u00e7\u00e3o das filhas. Ao todo, o casal teve cinco mulheres, e cada uma com uma personalidade diferente.<\/p>\n<p>A personagem de Nathalia Dill entrar\u00e1 em conflito quando se apaixonar por Darcy (Thiago Lacerda), um homem de car\u00e1ter e muito sisudo. O amor n\u00e3o \u00e9 \u00e0 primeira vista, j\u00e1 que os dois n\u00e3o se entendem assim que se conhecem. O sentimento de repulsa dar\u00e1 lugar a uma grande paix\u00e3o, que ser\u00e1 negada pelo casal o m\u00e1ximo poss\u00edvel.<\/p>\n","protected":false},"excerpt":{"rendered":"<p>Resumo novela \u201cOrgulho e Paix\u00e3o\u201d 20\/03: no cap\u00edtulo 001(*) da novela \u201cOrgulho e Paix\u00e3o\u201d, resumo de ter\u00e7a-feira, 20 de mar\u00e7o, Elisabeta sonha em conhecer o mundo. Of\u00e9lia incentiva suas filhas a se casarem com um homem de posses. Ema anuncia a chegada de Camilo e Darcy e diz que haver\u00e1 um baile na casa de [&hellip;]<\/p>\n","protected":false},"author":4,"featured_media":134200,"comment_status":"open","ping_status":"closed","sticky":false,"template":"","format":"standard","meta":{"_genesis_hide_title":false,"_genesis_hide_breadcrumbs":false,"_genesis_hide_singular_image":false,"_genesis_hide_footer_widgets":false,"_genesis_custom_body_class":"","_genesis_custom_post_class":"","_genesis_layout":"","_jetpack_memberships_contains_paid_content":false,"footnotes":""},"categories":[379,467,375,343],"tags":[441],"class_list":{"0":"post-137463","1":"post","2":"type-post","3":"status-publish","4":"format-standard","5":"has-post-thumbnail","7":"category-novelas","8":"category-orgulho-e-paixao","9":"category-rede-globo","10":"category-televisao","11":"tag-resumo-do-dia","12":"entry","13":"gs-1","14":"gs-odd","15":"gs-even","16":"gs-featured-content-entry"},"jetpack_featured_media_url":"https:\/\/www.redenoticia.com.br\/noticia\/imagens\/orgulho-e-paixao-novela-globo-resumo-Foto-Joao-Miguel-junior-tv-globo.jpg","jetpack_sharing_enabled":true,"jetpack_likes_enabled":true,"_links":{"self":[{"href":"https:\/\/www.redenoticia.com.br\/noticia\/wp-json\/wp\/v2\/posts\/137463","targetHints":{"allow":["GET"]}}],"collection":[{"href":"https:\/\/www.redenoticia.com.br\/noticia\/wp-json\/wp\/v2\/posts"}],"about":[{"href":"https:\/\/www.redenoticia.com.br\/noticia\/wp-json\/wp\/v2\/types\/post"}],"author":[{"embeddable":true,"href":"https:\/\/www.redenoticia.com.br\/noticia\/wp-json\/wp\/v2\/users\/4"}],"replies":[{"embeddable":true,"href":"https:\/\/www.redenoticia.com.br\/noticia\/wp-json\/wp\/v2\/comments?post=137463"}],"version-history":[{"count":0,"href":"https:\/\/www.redenoticia.com.br\/noticia\/wp-json\/wp\/v2\/posts\/137463\/revisions"}],"wp:featuredmedia":[{"embeddable":true,"href":"https:\/\/www.redenoticia.com.br\/noticia\/wp-json\/wp\/v2\/media\/134200"}],"wp:attachment":[{"href":"https:\/\/www.redenoticia.com.br\/noticia\/wp-json\/wp\/v2\/media?parent=137463"}],"wp:term":[{"taxonomy":"category","embeddable":true,"href":"https:\/\/www.redenoticia.com.br\/noticia\/wp-json\/wp\/v2\/categories?post=137463"},{"taxonomy":"post_tag","embeddable":true,"href":"https:\/\/www.redenoticia.com.br\/noticia\/wp-json\/wp\/v2\/tags?post=137463"}],"curies":[{"name":"wp","href":"https:\/\/api.w.org\/{rel}","templated":true}]}}