{"id":137301,"date":"2018-03-18T23:55:46","date_gmt":"2018-03-19T02:55:46","guid":{"rendered":"https:\/\/www.redenoticia.com.br\/noticia\/?p=137301"},"modified":"2018-08-13T10:31:21","modified_gmt":"2018-08-13T13:31:21","slug":"bbb-18-enquete-quem-os-lideres-devem-indicar-para-o-paredao","status":"publish","type":"post","link":"https:\/\/www.redenoticia.com.br\/noticia\/2018\/bbb-18-enquete-quem-os-lideres-devem-indicar-para-o-paredao\/137301","title":{"rendered":"\u201cBBB\u201d 18 enquete: quem Ana Clara e Gleici devem indicar para o pared\u00e3o"},"content":{"rendered":"<p><img loading=\"lazy\" decoding=\"async\" class=\"alignleft size-thumbnail wp-image-132207\" src=\"https:\/\/www.redenoticia.com.br\/noticia\/imagens\/bbb_votacao_enquete-150x112.jpg\" alt=\"\" width=\"150\" height=\"112\" srcset=\"https:\/\/www.redenoticia.com.br\/noticia\/imagens\/bbb_votacao_enquete-150x112.jpg 150w, https:\/\/www.redenoticia.com.br\/noticia\/imagens\/bbb_votacao_enquete-265x198.jpg 265w\" sizes=\"auto, (max-width: 150px) 100vw, 150px\" \/><strong><em>&#8220;BBB&#8221; 18 enquete (Prova do L\u00edder 15\/03)<\/em><\/strong>: Tiago Leifert avisou sobre a Prova do L\u00edder em duplas. Assim como na semana passada, os brothers formaram duplas para disputar a lideran\u00e7a: Caruso e Kaysar; Diego e Viegas; Ana Clara e Gleici; Breno e Wagner; Paula e J\u00e9ssica. Cada dupla teve que montar um painel com embalagens de tintura. Para isso, eles atravessaram um circuito com obst\u00e1culos at\u00e9 chegar ao modelo de painel a ser imitado. As embalagens usadas para montar o painel ficaram no caminho de volta e os brothers puderam fazer o trajeto v\u00e1rias vezes at\u00e9 completarem um painel id\u00eantico ao original, respeitando a ordem das embalagens. <\/p>\n<p>A dupla Diego e Viegas errou a sequencia e foi eliminada. Ana Clara e Gleici fizeram o menor tempo e ganharam a lideran\u00e7a.<\/p>\n<p>Ao final da prova, a dupla vencedora teve que escolher, imediatamente, quem ficou com a imunidade e quem levou para casa 10 mil reais. Ana Clara ficou com a imunidade e Gleici ficou com o dinheiro.<\/p>\n<p>Tiago Leifert tamb\u00e9m anunciou que o Big Fone tocar\u00e1 no domingo, 18\/3. Quem atender o telefone ter\u00e1 que indicar algu\u00e9m para o Pared\u00e3o.<\/p>\n<p>Destaque <\/p>\n<p>Participe da enquete sobre a indica\u00e7\u00e3o dos L\u00edderes para o pared\u00e3o. Se voc\u00ea n\u00e3o est\u00e1 vendo a enquete, clique no link: <\/p>\n<p><script type=\"text\/javascript\" charset=\"utf-8\" src=\"https:\/\/secure.polldaddy.com\/p\/9960982.js\"><\/script><br \/>\n<noscript><\/noscript><\/p>\n<p>Ana Clara e Gleici indicaram Diego para o pared\u00e3o.<\/p>\n<p>Not\u00edcias relacionadas<\/p>\n<p>Concorrentes: Breno; Caruso; Clara\/Ayrton; Diego; Gleici; J\u00e9ssica; Kaysar; Paula; Viegas; Wagner.<\/p>\n<p>Fonte e imagem &#8220;BBB&#8221; 18 Rede Globo<\/p>\n","protected":false},"excerpt":{"rendered":"<p>&#8220;BBB&#8221; 18 enquete (Prova do L\u00edder 15\/03): Tiago Leifert avisou sobre a Prova do L\u00edder em duplas. Assim como na semana passada, os brothers formaram duplas para disputar a lideran\u00e7a: Caruso e Kaysar; Diego e Viegas; Ana Clara e Gleici; Breno e Wagner; Paula e J\u00e9ssica. Cada dupla teve que montar um painel com embalagens [&hellip;]<\/p>\n","protected":false},"author":2,"featured_media":132207,"comment_status":"open","ping_status":"closed","sticky":false,"template":"","format":"standard","meta":{"_genesis_hide_title":false,"_genesis_hide_breadcrumbs":false,"_genesis_hide_singular_image":false,"_genesis_hide_footer_widgets":false,"_genesis_custom_body_class":"","_genesis_custom_post_class":"","_genesis_layout":"","_jetpack_memberships_contains_paid_content":false,"footnotes":""},"categories":[520,375,343],"tags":[466],"class_list":{"0":"post-137301","1":"post","2":"type-post","3":"status-publish","4":"format-standard","5":"has-post-thumbnail","7":"category-big-brother-brasil","8":"category-rede-globo","9":"category-televisao","10":"tag-bbb","11":"entry","12":"gs-1","13":"gs-odd","14":"gs-even","15":"gs-featured-content-entry"},"jetpack_featured_media_url":"https:\/\/www.redenoticia.com.br\/noticia\/imagens\/bbb_votacao_enquete.jpg","jetpack_sharing_enabled":true,"jetpack_likes_enabled":true,"_links":{"self":[{"href":"https:\/\/www.redenoticia.com.br\/noticia\/wp-json\/wp\/v2\/posts\/137301","targetHints":{"allow":["GET"]}}],"collection":[{"href":"https:\/\/www.redenoticia.com.br\/noticia\/wp-json\/wp\/v2\/posts"}],"about":[{"href":"https:\/\/www.redenoticia.com.br\/noticia\/wp-json\/wp\/v2\/types\/post"}],"author":[{"embeddable":true,"href":"https:\/\/www.redenoticia.com.br\/noticia\/wp-json\/wp\/v2\/users\/2"}],"replies":[{"embeddable":true,"href":"https:\/\/www.redenoticia.com.br\/noticia\/wp-json\/wp\/v2\/comments?post=137301"}],"version-history":[{"count":0,"href":"https:\/\/www.redenoticia.com.br\/noticia\/wp-json\/wp\/v2\/posts\/137301\/revisions"}],"wp:featuredmedia":[{"embeddable":true,"href":"https:\/\/www.redenoticia.com.br\/noticia\/wp-json\/wp\/v2\/media\/132207"}],"wp:attachment":[{"href":"https:\/\/www.redenoticia.com.br\/noticia\/wp-json\/wp\/v2\/media?parent=137301"}],"wp:term":[{"taxonomy":"category","embeddable":true,"href":"https:\/\/www.redenoticia.com.br\/noticia\/wp-json\/wp\/v2\/categories?post=137301"},{"taxonomy":"post_tag","embeddable":true,"href":"https:\/\/www.redenoticia.com.br\/noticia\/wp-json\/wp\/v2\/tags?post=137301"}],"curies":[{"name":"wp","href":"https:\/\/api.w.org\/{rel}","templated":true}]}}