{"id":134137,"date":"2018-02-09T21:04:34","date_gmt":"2018-02-09T23:04:34","guid":{"rendered":"https:\/\/www.redenoticia.com.br\/noticia\/?p=134137"},"modified":"2018-02-09T21:07:54","modified_gmt":"2018-02-09T23:07:54","slug":"novela-malhacao-vidas-brasileiras-elenco-e-personagens","status":"publish","type":"post","link":"https:\/\/www.redenoticia.com.br\/noticia\/2018\/novela-malhacao-vidas-brasileiras-elenco-e-personagens\/134137","title":{"rendered":"Novela &#8220;Malha\u00e7\u00e3o&#8221; Vidas Brasileiras: elenco e personagens"},"content":{"rendered":"<p><img loading=\"lazy\" decoding=\"async\" class=\"alignleft size-thumbnail wp-image-134199\" src=\"https:\/\/www.redenoticia.com.br\/noticia\/imagens\/malhacao-vidas-brasileiras-2018-resumo-novela-150x112.jpg\" alt=\"\" width=\"150\" height=\"112\" srcset=\"https:\/\/www.redenoticia.com.br\/noticia\/imagens\/malhacao-vidas-brasileiras-2018-resumo-novela-150x112.jpg 150w, https:\/\/www.redenoticia.com.br\/noticia\/imagens\/malhacao-vidas-brasileiras-2018-resumo-novela-265x198.jpg 265w\" sizes=\"auto, (max-width: 150px) 100vw, 150px\" \/><strong><em>Novela &#8220;Malha\u00e7\u00e3o&#8221; Vidas Brasileiras<\/em><\/strong> personagens e elenco &#8211; uma nova temporada de &#8220;Malha\u00e7\u00e3o&#8221; est\u00e1 chegando, e com ela um elenco repleto de novidades! Ap\u00f3s meses de sele\u00e7\u00e3o, foram escolhidos os 17 alunos de Vidas Brasileiras. S\u00e3o eles: Andr\u00e9 Luiz Frambach, Alice Milagres, Daniel Rangel, Dhonata Augusto, Gabriel Fuentes, Guilhermina Libanio, Gabriel Contente, Joana Borges, Jeniffer Oliveira, Leonardo Bittencourt, Luellem de Castro, Pedro Vin\u00edcius, Pedro Maya, Pally Siqueira, Rayssa Bratillieri, Tom Karabachian e Yara Charry. Al\u00e9m deles, Camila Morgado, Carmo Dalla Vecchia, Ana Beatriz Nogueira e outras estrelas v\u00e3o ter muita hist\u00f3ria pra contar.<\/p>\n<p>Confira os principais personagens e elenco desta trama:<\/p>\n<p>Camila Morgado ser\u00e1 a professora Gabriela Fortes;<br \/>\nCarmo Dalla Vecchia est\u00e1 no elenco como Rafael Porto;<br \/>\nJeniffer Oliveira integra o time da nova &#8220;Malha\u00e7\u00e3o&#8221;;<br \/>\nDaniel Rangel faz parte elenco de &#8220;Malha\u00e7\u00e3o&#8221; &#8211; Vidas Brasileiras;<br \/>\nFelipe Rocha ser\u00e1 Paulo, chef de cozinha e marido de Grabriela;<br \/>\nRayssa Bratillieri posa com Ana Beatriz Nogueira, que far\u00e1 sua m\u00e3e na trama;<br \/>\nAlice Milagres e Guta Stresser juntinhas na pr\u00f3xima temporada;<br \/>\nAndr\u00e9 Luiz Frambach vai viver M\u00e1rcio.<\/p>\n<p>O ator Dhonata Augusto, de 21 anos, vai dar vida a Leandro;<br \/>\nGuilhermina Libanio vai fazer \u00darsula na temporada;<br \/>\nJoana Borges e Leonardo Bittencourt v\u00e3o ser Verena e Hugo, alunos da escola;<br \/>\nLuellem de Castro interpretar\u00e1 Tal\u00edssia na trama;<br \/>\nA pernambucana Pally Siqueira far\u00e1 o papel de Amanda;<br \/>\nPedro Maya vai chamar a aten\u00e7\u00e3o da personagem de Camila Morgado ao esbarrar com ela pelas ruas do Rio;<br \/>\nTom Karabachian vai dar vida ao personagem Tito;<br \/>\nA atriz franco-brasileira Yara Charry interpreta a personagem Jade na trama.<\/p>\n<p>Gabriel Fuentes ser\u00e1 Eric;<br \/>\nGabriel Contente estreia em &#8220;Malha\u00e7\u00e3o&#8221;;<br \/>\nPedro Vinicius vive Michael, um dos alunos bolsistas da escola;<br \/>\nMariana Armellini vive a grande amiga e confidente de Gabriela;<br \/>\nBukassa Kabengele integra a dire\u00e7\u00e3o do col\u00e9gio;<br \/>\nJulia Mendes ser\u00e1 a moderna e conselheira Marli;<br \/>\nAndre Luiz Miranda em Vidas Brasileiras;<br \/>\nArlindo Lopes ser\u00e1 Get\u00falio, o ambicioso tio de \u00c9rico.<\/p>\n<p>Escrita por Patr\u00edcia Moretzsohn e com dire\u00e7\u00e3o art\u00edstica de Natalia Grimberg, Vidas Brasileiras tem a estreia prevista para mar\u00e7o de 2018.<\/p>\n<p>Fonte &#8220;Malha\u00e7\u00e3o&#8221; Vidas Brasileiras &#8211; Rede Globo <\/p>\n","protected":false},"excerpt":{"rendered":"<p>Novela &#8220;Malha\u00e7\u00e3o&#8221; Vidas Brasileiras personagens e elenco &#8211; uma nova temporada de &#8220;Malha\u00e7\u00e3o&#8221; est\u00e1 chegando, e com ela um elenco repleto de novidades! Ap\u00f3s meses de sele\u00e7\u00e3o, foram escolhidos os 17 alunos de Vidas Brasileiras. S\u00e3o eles: Andr\u00e9 Luiz Frambach, Alice Milagres, Daniel Rangel, Dhonata Augusto, Gabriel Fuentes, Guilhermina Libanio, Gabriel Contente, Joana Borges, Jeniffer [&hellip;]<\/p>\n","protected":false},"author":2,"featured_media":134199,"comment_status":"open","ping_status":"closed","sticky":false,"template":"","format":"standard","meta":{"_genesis_hide_title":false,"_genesis_hide_breadcrumbs":false,"_genesis_hide_singular_image":false,"_genesis_hide_footer_widgets":false,"_genesis_custom_body_class":"","_genesis_custom_post_class":"","_genesis_layout":"","_jetpack_memberships_contains_paid_content":false,"footnotes":""},"categories":[447,379,375,343],"tags":[440],"class_list":{"0":"post-134137","1":"post","2":"type-post","3":"status-publish","4":"format-standard","5":"has-post-thumbnail","7":"category-malhacao","8":"category-novelas","9":"category-rede-globo","10":"category-televisao","11":"tag-noticia-novela","12":"entry","13":"gs-1","14":"gs-odd","15":"gs-even","16":"gs-featured-content-entry"},"jetpack_featured_media_url":"https:\/\/www.redenoticia.com.br\/noticia\/imagens\/malhacao-vidas-brasileiras-2018-resumo-novela.jpg","jetpack_sharing_enabled":true,"jetpack_likes_enabled":true,"_links":{"self":[{"href":"https:\/\/www.redenoticia.com.br\/noticia\/wp-json\/wp\/v2\/posts\/134137","targetHints":{"allow":["GET"]}}],"collection":[{"href":"https:\/\/www.redenoticia.com.br\/noticia\/wp-json\/wp\/v2\/posts"}],"about":[{"href":"https:\/\/www.redenoticia.com.br\/noticia\/wp-json\/wp\/v2\/types\/post"}],"author":[{"embeddable":true,"href":"https:\/\/www.redenoticia.com.br\/noticia\/wp-json\/wp\/v2\/users\/2"}],"replies":[{"embeddable":true,"href":"https:\/\/www.redenoticia.com.br\/noticia\/wp-json\/wp\/v2\/comments?post=134137"}],"version-history":[{"count":0,"href":"https:\/\/www.redenoticia.com.br\/noticia\/wp-json\/wp\/v2\/posts\/134137\/revisions"}],"wp:featuredmedia":[{"embeddable":true,"href":"https:\/\/www.redenoticia.com.br\/noticia\/wp-json\/wp\/v2\/media\/134199"}],"wp:attachment":[{"href":"https:\/\/www.redenoticia.com.br\/noticia\/wp-json\/wp\/v2\/media?parent=134137"}],"wp:term":[{"taxonomy":"category","embeddable":true,"href":"https:\/\/www.redenoticia.com.br\/noticia\/wp-json\/wp\/v2\/categories?post=134137"},{"taxonomy":"post_tag","embeddable":true,"href":"https:\/\/www.redenoticia.com.br\/noticia\/wp-json\/wp\/v2\/tags?post=134137"}],"curies":[{"name":"wp","href":"https:\/\/api.w.org\/{rel}","templated":true}]}}