{"id":13411,"date":"2009-10-04T19:03:56","date_gmt":"2009-10-04T23:03:56","guid":{"rendered":"http:\/\/www.redenoticia.com.br\/noticia\/?p=13411"},"modified":"2009-10-04T19:06:42","modified_gmt":"2009-10-04T23:06:42","slug":"tele-sena-da-primavera-sbt-%e2%80%93-resultado-do-segundo-sorteio-em-0410","status":"publish","type":"post","link":"https:\/\/www.redenoticia.com.br\/noticia\/2009\/tele-sena-da-primavera-sbt-%e2%80%93-resultado-do-segundo-sorteio-em-0410\/13411","title":{"rendered":"Tele Sena da Primavera SBT \u2013 resultado do segundo sorteio em 04\/10"},"content":{"rendered":"<p><a href=\"https:\/\/www.redenoticia.com.br\/noticia\/imagens\/\/tumbtelesena.jpg\"><img loading=\"lazy\" decoding=\"async\" class=\"size-full wp-image-7952 alignleft\" src=\"https:\/\/www.redenoticia.com.br\/noticia\/imagens\/\/tumbtelesena.jpg\" alt=\"Tele Sena SBT\" width=\"150\" height=\"113\" \/><\/a><\/p>\n<p><strong>Tele Sena da Primavera<\/strong> \u2013 <strong>Silvio Santos <\/strong>comandou o segundo sorteio da Tele Sena da Primavera no <strong>SBT<\/strong> neste domingo, 04 de Outubro. Foram mais sete dezenas sorteadas que devem ser acrescentadas aos n\u00fameros da semana passada Atualmente, durante a vig\u00eancia do t\u00edtulo, o consumidor concorre a quatro formas de premia\u00e7\u00e3o: Pr\u00eamio Raspe Aqui \u2013 \u00e9 conhecido como pr\u00eamio instant\u00e2neo; para ganhar, o consumidor deve raspar as pel\u00edculas protetoras \u2013 encontrando tr\u00eas figuras iguais, ganha o respectivo pr\u00eamio. Pr\u00eamio por Pontua\u00e7\u00e3o (Mais Pontos e Menos Pontos) \u2013 s\u00e3o realizados 5 sorteios aos domingos, apresentados por Silvio Santos no SBT, em datas previamente estabelecidas no t\u00edtulo. S\u00e3o contemplados os t\u00edtulos que conseguirem marcar Mais Pontos ou Menos Pontos nas dezenas impressas no t\u00edtulo. Pr\u00eamio Casa \u2013 sorteio anual, realizado em data discriminada no t\u00edtulo, pr\u00f3xima \u00e0 data do resgate do mesmo.<\/p>\n<p>Confira o <strong>resultado<\/strong> com os n\u00fameros do primeiro e segundo sorteio da Tele Sena Primavera (04\/10) \u2013 06 \u00a0<strong>12<\/strong>\u00a0 <strong>20<\/strong>\u00a0 <strong>22<\/strong> \u00a023 \u00a024 \u00a028 \u00a0<strong>29<\/strong>\u00a0 33 \u00a0<strong>35<\/strong> \u00a039 \u00a0<strong>40<\/strong>\u00a041 \u00a0\u00a0<strong>47<\/strong>\u00a0 .<\/p>\n<p>O t\u00edtulo de capitaliza\u00e7\u00e3o Tele Sena poder\u00e1 ser resgatado ap\u00f3s 12 meses (conforme a data prevista na Tele Sena no campo \u201cATEN\u00c7\u00c3O\u201d, impresso na parte externa do t\u00edtulo), bastando apresent\u00e1-lo em Casas Lot\u00e9ricas ou Ag\u00eancias dos Correios.<br \/>\nO resgate corresponder\u00e1 a 50% do valor pago, atualizado monetariamente pela taxa de remunera\u00e7\u00e3o b\u00e1sica aplicada \u00e0 poupan\u00e7a e por juros.<\/p>\n<p>Tele Sena da Primavera<\/p>\n","protected":false},"excerpt":{"rendered":"<p>Tele Sena da Primavera \u2013 Silvio Santos comandou o segundo sorteio da Tele Sena da Primavera no SBT neste domingo, 04 de Outubro. Foram mais sete dezenas sorteadas que devem ser acrescentadas aos n\u00fameros da semana passada Atualmente, durante a vig\u00eancia do t\u00edtulo, o consumidor concorre a quatro formas de premia\u00e7\u00e3o: Pr\u00eamio Raspe Aqui \u2013 [&hellip;]<\/p>\n","protected":false},"author":3,"featured_media":0,"comment_status":"open","ping_status":"open","sticky":false,"template":"","format":"standard","meta":{"_genesis_hide_title":false,"_genesis_hide_breadcrumbs":false,"_genesis_hide_singular_image":false,"_genesis_hide_footer_widgets":false,"_genesis_custom_body_class":"","_genesis_custom_post_class":"","_genesis_layout":"","_jetpack_memberships_contains_paid_content":false,"footnotes":""},"categories":[22,335,356],"tags":[],"class_list":{"0":"post-13411","1":"post","2":"type-post","3":"status-publish","4":"format-standard","6":"category-brasil","7":"category-loteria","8":"category-tele-sena","9":"entry","10":"gs-1","11":"gs-odd","12":"gs-even","13":"gs-featured-content-entry"},"jetpack_featured_media_url":"","jetpack_sharing_enabled":true,"jetpack_likes_enabled":true,"_links":{"self":[{"href":"https:\/\/www.redenoticia.com.br\/noticia\/wp-json\/wp\/v2\/posts\/13411","targetHints":{"allow":["GET"]}}],"collection":[{"href":"https:\/\/www.redenoticia.com.br\/noticia\/wp-json\/wp\/v2\/posts"}],"about":[{"href":"https:\/\/www.redenoticia.com.br\/noticia\/wp-json\/wp\/v2\/types\/post"}],"author":[{"embeddable":true,"href":"https:\/\/www.redenoticia.com.br\/noticia\/wp-json\/wp\/v2\/users\/3"}],"replies":[{"embeddable":true,"href":"https:\/\/www.redenoticia.com.br\/noticia\/wp-json\/wp\/v2\/comments?post=13411"}],"version-history":[{"count":0,"href":"https:\/\/www.redenoticia.com.br\/noticia\/wp-json\/wp\/v2\/posts\/13411\/revisions"}],"wp:attachment":[{"href":"https:\/\/www.redenoticia.com.br\/noticia\/wp-json\/wp\/v2\/media?parent=13411"}],"wp:term":[{"taxonomy":"category","embeddable":true,"href":"https:\/\/www.redenoticia.com.br\/noticia\/wp-json\/wp\/v2\/categories?post=13411"},{"taxonomy":"post_tag","embeddable":true,"href":"https:\/\/www.redenoticia.com.br\/noticia\/wp-json\/wp\/v2\/tags?post=13411"}],"curies":[{"name":"wp","href":"https:\/\/api.w.org\/{rel}","templated":true}]}}