{"id":133301,"date":"2018-02-01T00:05:30","date_gmt":"2018-02-01T02:05:30","guid":{"rendered":"https:\/\/www.redenoticia.com.br\/noticia\/?p=133301"},"modified":"2018-01-31T22:14:19","modified_gmt":"2018-02-01T00:14:19","slug":"unesp-busca-professor-assistente-para-engenharia-aeronautica","status":"publish","type":"post","link":"https:\/\/www.redenoticia.com.br\/noticia\/2018\/unesp-busca-professor-assistente-para-engenharia-aeronautica\/133301","title":{"rendered":"Unesp busca professor assistente para Engenharia Aeron\u00e1utica"},"content":{"rendered":"<p> Ag\u00eancia FAPESP\u00a0\u2013 Est\u00e3o abertas at\u00e9 5 de fevereiro de 2018 as inscri\u00e7\u00f5es para o processo seletivo de <strong><em>professor assistente doutor<\/em><\/strong> no campus de S\u00e3o Jo\u00e3o da Boa Vista da Unesp. A oportunidade \u00e9 para o curso de Engenharia Aeron\u00e1utica.<\/p>\n<p>O professor contratado ministrar\u00e1 disciplinas de Eletricidade, Eletr\u00f4nica e Eletrot\u00e9cnica de Aeronaves. O sal\u00e1rio ser\u00e1 de R$ 10.360,07, em jornada de 40 horas semanais de trabalho. Candidato portador do t\u00edtulo de livre-docente receber\u00e1 sal\u00e1rio de R$ 12.351,27.<\/p>\n<p>Poder\u00e3o se inscrever graduados em curso superior que tenham, no m\u00ednimo, t\u00edtulo de doutor, obtido preferencialmente em cursos de p\u00f3s-gradua\u00e7\u00e3o na \u00e1rea de Engenharia.<\/p>\n<p>As inscri\u00e7\u00f5es ser\u00e3o recebidas, em dias \u00fateis, at\u00e9 5 de fevereiro, no hor\u00e1rio das 9 \u00e0s 12 horas e das 14 \u00e0s 17 horas, na Unesp, campus de S\u00e3o Jo\u00e3o da Boa Vista. No caso de inscri\u00e7\u00e3o por via postal os documentos exigidos no presente edital dever\u00e3o ser enviados via Sedex para: Unesp, Campus de S\u00e3o Jo\u00e3o da Boa Vista, av. Prof\u00aa Isette Corr\u00eaa Font\u00e3o, n\u00ba 505, Jardim das Flores, S\u00e3o Jo\u00e3o da Boa Vista, SP, CEP 13876-750. A taxa de inscri\u00e7\u00e3o custa R$ 93.<\/p>\n<p>O concurso para a contrata\u00e7\u00e3o constar\u00e1 de prova de t\u00edtulos e prova did\u00e1tica. Na prova de t\u00edtulos, haver\u00e1 julgamento do curriculum vitae, em que ser\u00e3o analisadas as atividades de forma\u00e7\u00e3o, did\u00e1ticas e cient\u00edficas, dos \u00faltimos cinco anos, com maior relev\u00e2ncia para as atividades relacionadas \u00e0s \u00e1reas de Engenharia Aeron\u00e1utica e afins. J\u00e1 a prova did\u00e1tica constar\u00e1 de aula te\u00f3rica em n\u00edvel de gradua\u00e7\u00e3o, com dura\u00e7\u00e3o de no m\u00ednimo 40 minutos e no m\u00e1ximo de 60 minutos.<\/p>\n<p>Mais informa\u00e7\u00f5es:\u00a0.<\/p>\n","protected":false},"excerpt":{"rendered":"<p>Ag\u00eancia FAPESP\u00a0\u2013 Est\u00e3o abertas at\u00e9 5 de fevereiro de 2018 as inscri\u00e7\u00f5es para o processo seletivo de professor assistente doutor no campus de S\u00e3o Jo\u00e3o da Boa Vista da Unesp. A oportunidade \u00e9 para o curso de Engenharia Aeron\u00e1utica. O professor contratado ministrar\u00e1 disciplinas de Eletricidade, Eletr\u00f4nica e Eletrot\u00e9cnica de Aeronaves. O sal\u00e1rio ser\u00e1 de [&hellip;]<\/p>\n","protected":false},"author":2,"featured_media":36246,"comment_status":"open","ping_status":"closed","sticky":false,"template":"","format":"standard","meta":{"_genesis_hide_title":false,"_genesis_hide_breadcrumbs":false,"_genesis_hide_singular_image":false,"_genesis_hide_footer_widgets":false,"_genesis_custom_body_class":"","_genesis_custom_post_class":"","_genesis_layout":"","_jetpack_memberships_contains_paid_content":false,"footnotes":""},"categories":[22,370,353],"tags":[],"class_list":{"0":"post-133301","1":"post","2":"type-post","3":"status-publish","4":"format-standard","5":"has-post-thumbnail","7":"category-brasil","8":"category-inscricao","9":"category-oportunidades","10":"entry","11":"gs-1","12":"gs-odd","13":"gs-even","14":"gs-featured-content-entry"},"jetpack_featured_media_url":"https:\/\/www.redenoticia.com.br\/noticia\/imagens\/professor-a.jpg","jetpack_sharing_enabled":true,"jetpack_likes_enabled":true,"_links":{"self":[{"href":"https:\/\/www.redenoticia.com.br\/noticia\/wp-json\/wp\/v2\/posts\/133301","targetHints":{"allow":["GET"]}}],"collection":[{"href":"https:\/\/www.redenoticia.com.br\/noticia\/wp-json\/wp\/v2\/posts"}],"about":[{"href":"https:\/\/www.redenoticia.com.br\/noticia\/wp-json\/wp\/v2\/types\/post"}],"author":[{"embeddable":true,"href":"https:\/\/www.redenoticia.com.br\/noticia\/wp-json\/wp\/v2\/users\/2"}],"replies":[{"embeddable":true,"href":"https:\/\/www.redenoticia.com.br\/noticia\/wp-json\/wp\/v2\/comments?post=133301"}],"version-history":[{"count":0,"href":"https:\/\/www.redenoticia.com.br\/noticia\/wp-json\/wp\/v2\/posts\/133301\/revisions"}],"wp:featuredmedia":[{"embeddable":true,"href":"https:\/\/www.redenoticia.com.br\/noticia\/wp-json\/wp\/v2\/media\/36246"}],"wp:attachment":[{"href":"https:\/\/www.redenoticia.com.br\/noticia\/wp-json\/wp\/v2\/media?parent=133301"}],"wp:term":[{"taxonomy":"category","embeddable":true,"href":"https:\/\/www.redenoticia.com.br\/noticia\/wp-json\/wp\/v2\/categories?post=133301"},{"taxonomy":"post_tag","embeddable":true,"href":"https:\/\/www.redenoticia.com.br\/noticia\/wp-json\/wp\/v2\/tags?post=133301"}],"curies":[{"name":"wp","href":"https:\/\/api.w.org\/{rel}","templated":true}]}}