{"id":133155,"date":"2018-01-31T00:31:03","date_gmt":"2018-01-31T02:31:03","guid":{"rendered":"https:\/\/www.redenoticia.com.br\/noticia\/?p=133155"},"modified":"2018-01-30T23:35:00","modified_gmt":"2018-01-31T01:35:00","slug":"cresce-taxa-de-juro-anual-no-credito-rotativo-para-quem-paga-o-minimo","status":"publish","type":"post","link":"https:\/\/www.redenoticia.com.br\/noticia\/2018\/cresce-taxa-de-juro-anual-no-credito-rotativo-para-quem-paga-o-minimo\/133155","title":{"rendered":"Cresce taxa de juro anual no cr\u00e9dito rotativo para quem paga o m\u00ednimo"},"content":{"rendered":"<p> A <strong><em>taxa de juros do rotativo do cart\u00e3o de cr\u00e9dito<\/em><\/strong> para quem paga o valor m\u00ednimo da fatura em dia aumentou em dezembro. A taxa chegou a 233,8% ao ano, no m\u00eas passado, com aumento de 15,5 pontos percentuais em rela\u00e7\u00e3o a novembro, de acordo com dados divulgados em Bras\u00edlia, pelo Banco Central (BC).<\/p>\n<p>O cr\u00e9dito rotativo total fechou dezembro com uma taxa de 334,6% ao ano, uma queda de 163,1 pontos percentuais em rela\u00e7\u00e3o a dezembro de 2016, quando a taxa anual era de 497,7%.<\/p>\n<p>O rotativo \u00e9 o cr\u00e9dito tomado pelo consumidor quando paga menos que o valor integral da fatura do cart\u00e3o. Desde abril, os consumidores que n\u00e3o conseguem pagar integralmente a fatura do cart\u00e3o de cr\u00e9dito s\u00f3 podem ficar no cr\u00e9dito rotativo por 30 dias. A nova regra, fixada pelo Conselho Monet\u00e1rio Nacional (CMN) em janeiro de 2017, obrigou as institui\u00e7\u00f5es financeiras a transferir a d\u00edvida para o cr\u00e9dito parcelado, que tem taxas menores.<\/p>\n<p>A taxa do cr\u00e9dito parcelado subiu 0,7 ponto percentual para 169,2% ao ano, em dezembro. No ano, esse aumento foi de 15,4 pontos percentuais. Em dezembro de 2016, a taxa era de 153,8% ao ano. J\u00e1 a taxa de juros n\u00e3o regular do rotativo chegou a 401,4% ao ano em dezembro, uma queda de 12,1 pontos percentuais em rela\u00e7\u00e3o a novembro e, no ano, uma redu\u00e7\u00e3o de 118,3 pontos percentuais. Em dezembro de 2016, era 519,7% ao ano.<\/p>\n<p>O cr\u00e9dito rotativo total, incluindo o regular e o n\u00e3o regular, fechou dezembro com uma taxa de 334,6% ao ano, uma queda de 163,1 pontos percentuais em rela\u00e7\u00e3o a dezembro de 2016, quando a taxa anual era de 497,7%. No m\u00eas, tamb\u00e9m houve queda de 1 ponto percentual, em rela\u00e7\u00e3o a novembro, com uma taxa anual de 335,6%.<\/p>\n<p>Taxa mensal<\/p>\n<p>Em rela\u00e7\u00e3o a taxa mensal, houve uma varia\u00e7\u00e3o de 0,5 ponto percentual, passando para 10,6% ao m\u00eas. Na an\u00e1lise do chefe do Departamento de Estat\u00edsticas do BC, Fernando Rocha, a entrada de duas ou tr\u00eas financeiras que o oferecem o servi\u00e7o a pre\u00e7os mais altos. \u201cO que se observou \u00e9 que teve novos participantes entrando no cart\u00e3o de cr\u00e9dito rotativo, algumas financeiras que trabalham com taxas de juros mais elevadas que bancos. Os bancos permaneceram est\u00e1veis\u201d, diz.<\/p>\n<p>A taxa de juros do cheque especial teve uma queda  de 0,7 pontos percentuais em dezembro em rela\u00e7\u00e3o a novembro, fechando o ano em 323% ao ano. Em rela\u00e7\u00e3o a dezembro de 2016, quando a taxa era 328,6% ao ano, a queda foi de 5,6 pontos percentuais.<\/p>\n<p>Inadimpl\u00eancia<\/p>\n<p>A inadimpl\u00eancia do cr\u00e9dito, considerados atrasos acima de 90 dias, para pessoas f\u00edsicas, ficou em 5,2%, com redu\u00e7\u00e3o de 0,2 ponto percentual em rela\u00e7\u00e3o a novembro. Em dezembro de 2016, essa taxa chegou a 6%. No caso das pessoas jur\u00eddicas, a inadimpl\u00eancia caiu 0,6 ponto percentual, em rela\u00e7\u00e3o a novembro, para 4,5% no m\u00eas passado. Os dados s\u00e3o do cr\u00e9dito livre em que os bancos t\u00eam autonomia para aplicar dinheiro captado no mercado.<\/p>\n<p>Mariana Tokarnia \u2013 Rep\u00f3rter da Ag\u00eancia Brasil<br \/>\nEdi\u00e7\u00e3o: Maria Claudia<br \/>\n31\/01\/2018<\/p>\n","protected":false},"excerpt":{"rendered":"<p>A taxa de juros do rotativo do cart\u00e3o de cr\u00e9dito para quem paga o valor m\u00ednimo da fatura em dia aumentou em dezembro. A taxa chegou a 233,8% ao ano, no m\u00eas passado, com aumento de 15,5 pontos percentuais em rela\u00e7\u00e3o a novembro, de acordo com dados divulgados em Bras\u00edlia, pelo Banco Central (BC). O [&hellip;]<\/p>\n","protected":false},"author":2,"featured_media":57584,"comment_status":"open","ping_status":"closed","sticky":false,"template":"","format":"standard","meta":{"_genesis_hide_title":false,"_genesis_hide_breadcrumbs":false,"_genesis_hide_singular_image":false,"_genesis_hide_footer_widgets":false,"_genesis_custom_body_class":"","_genesis_custom_post_class":"","_genesis_layout":"","_jetpack_memberships_contains_paid_content":false,"footnotes":""},"categories":[22,7],"tags":[],"class_list":{"0":"post-133155","1":"post","2":"type-post","3":"status-publish","4":"format-standard","5":"has-post-thumbnail","7":"category-brasil","8":"category-economia","9":"entry","10":"gs-1","11":"gs-odd","12":"gs-even","13":"gs-featured-content-entry"},"jetpack_featured_media_url":"https:\/\/www.redenoticia.com.br\/noticia\/imagens\/economia-grafica-analise-inflacao.jpg","jetpack_sharing_enabled":true,"jetpack_likes_enabled":true,"_links":{"self":[{"href":"https:\/\/www.redenoticia.com.br\/noticia\/wp-json\/wp\/v2\/posts\/133155","targetHints":{"allow":["GET"]}}],"collection":[{"href":"https:\/\/www.redenoticia.com.br\/noticia\/wp-json\/wp\/v2\/posts"}],"about":[{"href":"https:\/\/www.redenoticia.com.br\/noticia\/wp-json\/wp\/v2\/types\/post"}],"author":[{"embeddable":true,"href":"https:\/\/www.redenoticia.com.br\/noticia\/wp-json\/wp\/v2\/users\/2"}],"replies":[{"embeddable":true,"href":"https:\/\/www.redenoticia.com.br\/noticia\/wp-json\/wp\/v2\/comments?post=133155"}],"version-history":[{"count":0,"href":"https:\/\/www.redenoticia.com.br\/noticia\/wp-json\/wp\/v2\/posts\/133155\/revisions"}],"wp:featuredmedia":[{"embeddable":true,"href":"https:\/\/www.redenoticia.com.br\/noticia\/wp-json\/wp\/v2\/media\/57584"}],"wp:attachment":[{"href":"https:\/\/www.redenoticia.com.br\/noticia\/wp-json\/wp\/v2\/media?parent=133155"}],"wp:term":[{"taxonomy":"category","embeddable":true,"href":"https:\/\/www.redenoticia.com.br\/noticia\/wp-json\/wp\/v2\/categories?post=133155"},{"taxonomy":"post_tag","embeddable":true,"href":"https:\/\/www.redenoticia.com.br\/noticia\/wp-json\/wp\/v2\/tags?post=133155"}],"curies":[{"name":"wp","href":"https:\/\/api.w.org\/{rel}","templated":true}]}}