{"id":1307,"date":"2009-05-06T21:58:50","date_gmt":"2009-05-07T01:58:50","guid":{"rendered":"http:\/\/www.redenoticia.com.br\/noticia\/?p=1307"},"modified":"2009-05-06T21:58:50","modified_gmt":"2009-05-07T01:58:50","slug":"christiane-torloni-e-deputados-em-vigilia-pela-amazonia","status":"publish","type":"post","link":"https:\/\/www.redenoticia.com.br\/noticia\/2009\/christiane-torloni-e-deputados-em-vigilia-pela-amazonia\/1307","title":{"rendered":"Christiane Torloni e deputados em vig\u00edlia pela Amaz\u00f4nia"},"content":{"rendered":"<div class=\"tituloManchete\"><a href=\"https:\/\/www.redenoticia.com.br\/noticia\/imagens\/\/vigilia.jpg\"><img loading=\"lazy\" decoding=\"async\" class=\"alignleft size-medium wp-image-1308\" title=\"vigilia\" src=\"https:\/\/www.redenoticia.com.br\/noticia\/imagens\/\/vigilia-249x187.jpg\" alt=\"vigilia\" width=\"249\" height=\"187\" \/><\/a>A Comiss\u00e3o Mista Permanente sobre Mudan\u00e7as Clim\u00e1ticas e o  presidente do Senado, Jos\u00e9 Sarney, declararam nesta ter\u00e7a-feira apoio \u00e0  iniciativa da atriz Christiane Torloni e do senador Cristovam Buarque (PDT-DF)  de realizar uma vig\u00edlia em defesa da preserva\u00e7\u00e3o da Floresta Amaz\u00f4nica. A  vig\u00edlia ocorrer\u00e1 na pr\u00f3xima quarta-feira (13), ap\u00f3s as vota\u00e7\u00f5es no plen\u00e1rio do  Senado.<\/div>\n<p>O apoio foi anunciado durante reuni\u00e3o da atriz com a comiss\u00e3o.  Para Torloni, o envolvimento dos parlamentares pode ajudar a melhorar a imagem  do Congresso entre os brasileiros e facilitar a entrega, ao presidente Luiz  In\u00e1cio Lula da Silva, de um manifesto assinado h\u00e1 dois anos por mais de um  milh\u00e3o de pessoas. &#8220;Talvez esse tempo de espera para a entrega do documento  tenha servido para um amadurecimento de que n\u00e3o basta apenas entregar as  assinaturas. Estamos fazendo uma convoca\u00e7\u00e3o para que a sociedade civil fale que  \u00e9 contra o desmatamento e contra brechas de flexibiliza\u00e7\u00e3o do C\u00f3digo Florestal&#8221;,  disse a atriz.<\/p>\n<p>O ato ser\u00e1 aberto \u00e0 participa\u00e7\u00e3o da sociedade civil. A  presidente da comiss\u00e3o, senadora Ideli Salvatti (PT-SC), prop\u00f5e que a vig\u00edlia  seja feita simultaneamente nas c\u00e2maras estaduais.<\/p>\n<p><strong>Movimento<\/strong><br \/>\nH\u00e1  dois anos, depois de visitar \u00e1reas devastadas do Acre, Christiane Torloni, com o  apoio dos atores Victor Fasano e Juca de Oliveira, iniciou o movimento &#8220;Amaz\u00f4nia  para Sempre&#8221;. Desde ent\u00e3o, eles t\u00eam recolhido assinaturas em todo o Pa\u00eds para o  manifesto em defesa da floresta. Segundo a atriz, o movimento defende o  desenvolvimento sustent\u00e1vel e a preserva\u00e7\u00e3o da Amaz\u00f4nia, n\u00e3o recebe patroc\u00ednios  e n\u00e3o tem qualquer liga\u00e7\u00e3o com \u00f3rg\u00e3os governamentais ou partidos  pol\u00edticos.<\/p>\n<p>Ao comentar a iniciativa de Christiane Torloni com o &#8220;Amaz\u00f4nia  para Sempre&#8221;, o deputado Colbert Martins (PMDB-BA) chamou a aten\u00e7\u00e3o para o fato  de que o desmatamento n\u00e3o ocorre s\u00f3 na Amaz\u00f4nia, mas no Brasil inteiro, como no  caso da Mata Atl\u00e2ntica, que est\u00e1 devastada. &#8220;Temos que focar a Amaz\u00f4nia, mas  entender que desmatamento \u00e9 um problema de todo o Pa\u00eds&#8221;, ressaltou.<\/p>\n<p>Na  pr\u00f3xima segunda-feira (11), Colbert ir\u00e1 a Manaus, como representante da  comiss\u00e3o, para avaliar o problema das enchentes. Ele destacou que em dois anos o  Amazonas passou da seca para a cheia, e que a comiss\u00e3o vai observar a situa\u00e7\u00e3o  n\u00e3o apenas do ponto de vista das pessoas desabrigadas, mas das consequ\u00eancias de  uma seca que h\u00e1 dois anos dizimou esp\u00e9cies, atingiu pessoas e secou  rios.<\/p>\n<p><em>Ag\u00eancia C\u00e2mara<\/em><\/p>\n","protected":false},"excerpt":{"rendered":"<p>A Comiss\u00e3o Mista Permanente sobre Mudan\u00e7as Clim\u00e1ticas e o presidente do Senado, Jos\u00e9 Sarney, declararam nesta ter\u00e7a-feira apoio \u00e0 iniciativa da atriz Christiane Torloni e do senador Cristovam Buarque (PDT-DF) de realizar uma vig\u00edlia em defesa da preserva\u00e7\u00e3o da Floresta Amaz\u00f4nica. A vig\u00edlia ocorrer\u00e1 na pr\u00f3xima quarta-feira (13), ap\u00f3s as vota\u00e7\u00f5es no plen\u00e1rio do Senado. [&hellip;]<\/p>\n","protected":false},"author":3,"featured_media":0,"comment_status":"open","ping_status":"open","sticky":false,"template":"","format":"standard","meta":{"_genesis_hide_title":false,"_genesis_hide_breadcrumbs":false,"_genesis_hide_singular_image":false,"_genesis_hide_footer_widgets":false,"_genesis_custom_body_class":"","_genesis_custom_post_class":"","_genesis_layout":"","_jetpack_memberships_contains_paid_content":false,"footnotes":""},"categories":[22],"tags":[],"class_list":{"0":"post-1307","1":"post","2":"type-post","3":"status-publish","4":"format-standard","6":"category-brasil","7":"entry","8":"gs-1","9":"gs-odd","10":"gs-even","11":"gs-featured-content-entry"},"jetpack_featured_media_url":"","jetpack_sharing_enabled":true,"jetpack_likes_enabled":true,"_links":{"self":[{"href":"https:\/\/www.redenoticia.com.br\/noticia\/wp-json\/wp\/v2\/posts\/1307","targetHints":{"allow":["GET"]}}],"collection":[{"href":"https:\/\/www.redenoticia.com.br\/noticia\/wp-json\/wp\/v2\/posts"}],"about":[{"href":"https:\/\/www.redenoticia.com.br\/noticia\/wp-json\/wp\/v2\/types\/post"}],"author":[{"embeddable":true,"href":"https:\/\/www.redenoticia.com.br\/noticia\/wp-json\/wp\/v2\/users\/3"}],"replies":[{"embeddable":true,"href":"https:\/\/www.redenoticia.com.br\/noticia\/wp-json\/wp\/v2\/comments?post=1307"}],"version-history":[{"count":0,"href":"https:\/\/www.redenoticia.com.br\/noticia\/wp-json\/wp\/v2\/posts\/1307\/revisions"}],"wp:attachment":[{"href":"https:\/\/www.redenoticia.com.br\/noticia\/wp-json\/wp\/v2\/media?parent=1307"}],"wp:term":[{"taxonomy":"category","embeddable":true,"href":"https:\/\/www.redenoticia.com.br\/noticia\/wp-json\/wp\/v2\/categories?post=1307"},{"taxonomy":"post_tag","embeddable":true,"href":"https:\/\/www.redenoticia.com.br\/noticia\/wp-json\/wp\/v2\/tags?post=1307"}],"curies":[{"name":"wp","href":"https:\/\/api.w.org\/{rel}","templated":true}]}}