{"id":12965,"date":"2009-09-28T19:13:48","date_gmt":"2009-09-28T23:13:48","guid":{"rendered":"http:\/\/www.redenoticia.com.br\/noticia\/?p=12965"},"modified":"2009-09-28T19:13:48","modified_gmt":"2009-09-28T23:13:48","slug":"record-destaques-de-audiencia","status":"publish","type":"post","link":"https:\/\/www.redenoticia.com.br\/noticia\/2009\/record-destaques-de-audiencia\/12965","title":{"rendered":"Record: destaques de audi\u00eancia"},"content":{"rendered":"<p>S\u00e3o Paulo no Ar conquista a lideran\u00e7a &#8211; O programa jornal\u00edstico da <strong>Record<\/strong> apresentado por Luciano Faccioli e exibido na manh\u00e3 da \u00faltima sexta-feira (25\/09) novamente registrou excelentes n\u00fameros e conquistou, durante 6 minutos, a lideran\u00e7a no ranking de audi\u00eancias. No hor\u00e1rio em que foi ao ar, das 7h15 \u00e0s 8h30, o S\u00e3o Paulo no Ar marcou 7 pontos de m\u00e9dia, 29% de share e 9 pontos de pico. Na m\u00e9dia geral, o telejornal ficou em segundo lugar isolado.<\/p>\n<p>Fala Brasil alcan\u00e7a o primeiro lugar &#8211; O jornal\u00edstico exibido na manh\u00e3 de sexta-feira (25\/09) conquistou a lideran\u00e7a no ranking geral de audi\u00eancias durante 14 minutos. No hor\u00e1rio de exibi\u00e7\u00e3o, das 8h30 \u00e0s 9h30, o telejornal apresentado por Carla Cecato e Roberta Piza marcou 7 pontos de m\u00e9dia, 28% de share e 9 pontos de pico.<\/p>\n<p>SP Record garante o segundo lugar &#8211; Apresentado por Reinaldo Gottino, o jornal\u00edstico exibido na noite sexta-feira (25\/09) conquistou o segundo lugar isolado no ranking de audi\u00eancias. No hor\u00e1rio de exibi\u00e7\u00e3o, das 18h11 \u00e0s 20h, o SP Record marcou 6 pontos de m\u00e9dia, 11% de share e 9 pontos de pico.<\/p>\n<p>Domingo Espetacular alcan\u00e7a 12 pontos e conquista o segundo lugar &#8211; A revista eletr\u00f4nica da Record exibida no \u00faltimo domingo (27\/09) conquistou o segundo lugar no ranking de audi\u00eancias. No hor\u00e1rio em que foi ao ar, das 16h21 \u00e0s 19h52, o Domingo Espetacular marcou 8 pontos de m\u00e9dia, 16% de share e 12 pontos de pico.<\/p>\n<p>Tudo \u00e9 Poss\u00edvel garante 8 pontos de m\u00e9dia e segundo lugar absoluto de audi\u00eancia- Na tarde deste domingo (27\/09), o Tudo \u00e9 Poss\u00edvel, apresentado por Ana Hickmann, conquistou a vice-lideran\u00e7a absoluta de audi\u00eancia com 8 pontos de m\u00e9dia, pico de 13 e 21% de share. A atra\u00e7\u00e3o foi ao ar mais cedo, das 12h02 \u00e0s 14h49.<\/p>\n<p>O Melhor do Brasil garante a vice-lideran\u00e7a isolada com 12 pontos de pico- O programa exibido no s\u00e1bado (26\/09), sob comando de Rodrigo Faro, ficou em segundo lugar isolado no ranking de audi\u00eancia, com 10 pontos de m\u00e9dia, 12 de pico e 20% de share, na faixa das 17h13 \u00e0s 20h27. O destaque da semana ficou para o quadro Vai dar Namoro, que registrou m\u00e9dia de 11 pontos e pico de 12.<\/p>\n<p>Show do Tom conquista segundo lugar absoluto de audi\u00eancia com Especial de 5 anos. &#8211; O Show do Tom Especial de 5 anos, exibido no s\u00e1bado, dia 26\/09, conquistou \u00f3tima audi\u00eancia para a Record. No ar das 23h18 \u00e0 00h55, o humor\u00edstico registrou 8 pontos de m\u00e9dia, pico de 11 e share de 21%, garantindo \u00e0 emissora o segundo lugar isolado no ranking de audi\u00eancia. No Especial de 5 anos, Tom Cavalcante reuniu os humoristas que fizeram parte da hist\u00f3ria do programa, al\u00e9m da primeira eliminat\u00f3ria do 6\u00ba Festival Nacional de Piadas.<\/p>\n<p>Titanic garante 57 minutos na lideran\u00e7a &#8211; Neste domingo (27\/09) a Record exibiu o filme Titanic no Cine Record Especial e garantiu \u00f3timos \u00edndices para a emissora. Exibido das 9h \u00e0s 12h02, Titanic garantiu 57 minutos isolados na lideran\u00e7a e o segundo lugar absoluto na m\u00e9dia geral com 10 pontos, 14 de pico e 27% de share.<\/p>\n<p>A Volta do Todo Poderoso deixa Record isolada na vice-lideran\u00e7a &#8211; O filme A Volta do Todo Poderoso, exibido na sess\u00e3o Domingo Aventura de ontem (27\/09), deixou a Record em segundo lugar absoluto de audi\u00eancia com 10 pontos de m\u00e9dia, 12 de pico e 22% de share, das 14h49 \u00e0s 16h21.<\/p>\n<p>Tela M\u00e1xima fica em segundo lugar isolado de audi\u00eancia &#8211; No s\u00e1bado (26\/09) o filme &#8220;007 Cassino Royale&#8221;, exibido na Tela M\u00e1xima, registrou 9 pontos de m\u00e9dia, 13 de pico e 18% de share. O hor\u00e1rio de exibi\u00e7\u00e3o foi das 21h \u00e0s 23h18.<\/p>\n<p>Fonte: Ibope MW GRANDE S\u00c3O PAULO dados domiciliares (Os \u00edndices apresentados s\u00e3o n\u00fameros consolidados, destacando o patamar de audi\u00eancia sem casa decimal).<\/p>\n","protected":false},"excerpt":{"rendered":"<p>S\u00e3o Paulo no Ar conquista a lideran\u00e7a &#8211; O programa jornal\u00edstico da Record apresentado por Luciano Faccioli e exibido na manh\u00e3 da \u00faltima sexta-feira (25\/09) novamente registrou excelentes n\u00fameros e conquistou, durante 6 minutos, a lideran\u00e7a no ranking de audi\u00eancias. No hor\u00e1rio em que foi ao ar, das 7h15 \u00e0s 8h30, o S\u00e3o Paulo no [&hellip;]<\/p>\n","protected":false},"author":3,"featured_media":0,"comment_status":"open","ping_status":"open","sticky":false,"template":"","format":"standard","meta":{"_genesis_hide_title":false,"_genesis_hide_breadcrumbs":false,"_genesis_hide_singular_image":false,"_genesis_hide_footer_widgets":false,"_genesis_custom_body_class":"","_genesis_custom_post_class":"","_genesis_layout":"","_jetpack_memberships_contains_paid_content":false,"footnotes":""},"categories":[22,371,343],"tags":[],"class_list":{"0":"post-12965","1":"post","2":"type-post","3":"status-publish","4":"format-standard","6":"category-brasil","7":"category-rede-record","8":"category-televisao","9":"entry","10":"gs-1","11":"gs-odd","12":"gs-even","13":"gs-featured-content-entry"},"jetpack_featured_media_url":"","jetpack_sharing_enabled":true,"jetpack_likes_enabled":true,"_links":{"self":[{"href":"https:\/\/www.redenoticia.com.br\/noticia\/wp-json\/wp\/v2\/posts\/12965","targetHints":{"allow":["GET"]}}],"collection":[{"href":"https:\/\/www.redenoticia.com.br\/noticia\/wp-json\/wp\/v2\/posts"}],"about":[{"href":"https:\/\/www.redenoticia.com.br\/noticia\/wp-json\/wp\/v2\/types\/post"}],"author":[{"embeddable":true,"href":"https:\/\/www.redenoticia.com.br\/noticia\/wp-json\/wp\/v2\/users\/3"}],"replies":[{"embeddable":true,"href":"https:\/\/www.redenoticia.com.br\/noticia\/wp-json\/wp\/v2\/comments?post=12965"}],"version-history":[{"count":0,"href":"https:\/\/www.redenoticia.com.br\/noticia\/wp-json\/wp\/v2\/posts\/12965\/revisions"}],"wp:attachment":[{"href":"https:\/\/www.redenoticia.com.br\/noticia\/wp-json\/wp\/v2\/media?parent=12965"}],"wp:term":[{"taxonomy":"category","embeddable":true,"href":"https:\/\/www.redenoticia.com.br\/noticia\/wp-json\/wp\/v2\/categories?post=12965"},{"taxonomy":"post_tag","embeddable":true,"href":"https:\/\/www.redenoticia.com.br\/noticia\/wp-json\/wp\/v2\/tags?post=12965"}],"curies":[{"name":"wp","href":"https:\/\/api.w.org\/{rel}","templated":true}]}}