{"id":128833,"date":"2017-12-15T00:25:25","date_gmt":"2017-12-15T02:25:25","guid":{"rendered":"https:\/\/www.redenoticia.com.br\/noticia\/?p=128833"},"modified":"2017-12-15T00:25:25","modified_gmt":"2017-12-15T02:25:25","slug":"ipem-sp-autua-29-dos-supermercados-com-peso-de-produto-incorreto","status":"publish","type":"post","link":"https:\/\/www.redenoticia.com.br\/noticia\/2017\/ipem-sp-autua-29-dos-supermercados-com-peso-de-produto-incorreto\/128833","title":{"rendered":"IPEM SP autua 29% dos supermercados com peso de produto incorreto"},"content":{"rendered":"<p>O IPEM-SP (Instituto de Pesos e Medidas do Estado de S\u00e3o Paulo) realizou a opera\u00e7\u00e3o \u201cPente Fino\u201d. Foram avaliados produtos em supermercados de pequeno, m\u00e9dio e grande porte em todo o Estado de S\u00e3o Paulo. Durante a fiscaliza\u00e7\u00e3o, entre os dias 21 de novembro e 7 de dezembro, o \u00f3rg\u00e3o atuou 29% dos estabelecimentos.<\/p>\n<p>As a\u00e7\u00f5es tiveram como objetivo fiscalizar se o peso indicado na embalagem de itens pr\u00e9-medidos (ou seja, pesados sem a presen\u00e7a do consumidor) era correspondente ao peso real do produto.<\/p>\n<p>No Estado, a opera\u00e7\u00e3o \u201cPente Fino\u201d avaliou 761 produtos t\u00edpicos das ceias de fim de ano. Destes, 74 itens (10%) apresentaram peso inferior ao indicado na embalagem. E dos 91 estabelecimentos fiscalizados 26 (29%) foram autuados.<\/p>\n<p>Os estabelecimentos autuados t\u00eam 10 dias para apresentar sua defesa ao \u00f3rg\u00e3o. De acordo com a lei federal 9.933\/99, as multas podem variar entre R$ 100 e R$ 1,5 milh\u00e3o.<\/p>\n<p>A opera\u00e7\u00e3o fez parte de um conjunto de a\u00e7\u00f5es de intensifica\u00e7\u00e3o das fiscaliza\u00e7\u00f5es rotineiras do IPEM-SP. O objetivo \u00e9 identificar irregularidades e garantir que o consumidor n\u00e3o seja prejudicado nas compras de final do ano.<\/p>\n<p>Clique\u00a0e confira a tabela com as irregularidades encontradas na capital e interior.<\/p>\n<p>Orienta\u00e7\u00e3o para o consumo<\/p>\n<p>O IPEM-SP disponibiliza para download o Guia Pr\u00e1tico de Consumo, que traz dicas ao consumidor. S\u00e3o dicas simples sobre o que observar na hora da compra de produtos embalados, t\u00eaxteis e eletrodom\u00e9sticos. O Guia tamb\u00e9m apresenta os itens que devem trazer o selo do Inmetro e tamb\u00e9m a utiliza\u00e7\u00e3o de balan\u00e7as dispon\u00edveis em supermercados, padarias, a\u00e7ougues e outros tipos de com\u00e9rcio. Para o download do guia acesse o\u00a0.<\/p>\n<p>Do Portal do Governo SP<\/p>\n","protected":false},"excerpt":{"rendered":"<p>O IPEM-SP (Instituto de Pesos e Medidas do Estado de S\u00e3o Paulo) realizou a opera\u00e7\u00e3o \u201cPente Fino\u201d. Foram avaliados produtos em supermercados de pequeno, m\u00e9dio e grande porte em todo o Estado de S\u00e3o Paulo. Durante a fiscaliza\u00e7\u00e3o, entre os dias 21 de novembro e 7 de dezembro, o \u00f3rg\u00e3o atuou 29% dos estabelecimentos. As [&hellip;]<\/p>\n","protected":false},"author":2,"featured_media":34966,"comment_status":"closed","ping_status":"closed","sticky":false,"template":"","format":"standard","meta":{"_genesis_hide_title":false,"_genesis_hide_breadcrumbs":false,"_genesis_hide_singular_image":false,"_genesis_hide_footer_widgets":false,"_genesis_custom_body_class":"","_genesis_custom_post_class":"","_genesis_layout":"","_jetpack_memberships_contains_paid_content":false,"footnotes":""},"categories":[22,7],"tags":[],"class_list":{"0":"post-128833","1":"post","2":"type-post","3":"status-publish","4":"format-standard","5":"has-post-thumbnail","7":"category-brasil","8":"category-economia","9":"entry","10":"gs-1","11":"gs-odd","12":"gs-even","13":"gs-featured-content-entry"},"jetpack_featured_media_url":"https:\/\/www.redenoticia.com.br\/noticia\/imagens\/fim-da-sacola-plastica.jpg","jetpack_sharing_enabled":true,"jetpack_likes_enabled":true,"_links":{"self":[{"href":"https:\/\/www.redenoticia.com.br\/noticia\/wp-json\/wp\/v2\/posts\/128833","targetHints":{"allow":["GET"]}}],"collection":[{"href":"https:\/\/www.redenoticia.com.br\/noticia\/wp-json\/wp\/v2\/posts"}],"about":[{"href":"https:\/\/www.redenoticia.com.br\/noticia\/wp-json\/wp\/v2\/types\/post"}],"author":[{"embeddable":true,"href":"https:\/\/www.redenoticia.com.br\/noticia\/wp-json\/wp\/v2\/users\/2"}],"replies":[{"embeddable":true,"href":"https:\/\/www.redenoticia.com.br\/noticia\/wp-json\/wp\/v2\/comments?post=128833"}],"version-history":[{"count":0,"href":"https:\/\/www.redenoticia.com.br\/noticia\/wp-json\/wp\/v2\/posts\/128833\/revisions"}],"wp:featuredmedia":[{"embeddable":true,"href":"https:\/\/www.redenoticia.com.br\/noticia\/wp-json\/wp\/v2\/media\/34966"}],"wp:attachment":[{"href":"https:\/\/www.redenoticia.com.br\/noticia\/wp-json\/wp\/v2\/media?parent=128833"}],"wp:term":[{"taxonomy":"category","embeddable":true,"href":"https:\/\/www.redenoticia.com.br\/noticia\/wp-json\/wp\/v2\/categories?post=128833"},{"taxonomy":"post_tag","embeddable":true,"href":"https:\/\/www.redenoticia.com.br\/noticia\/wp-json\/wp\/v2\/tags?post=128833"}],"curies":[{"name":"wp","href":"https:\/\/api.w.org\/{rel}","templated":true}]}}