{"id":128383,"date":"2017-12-11T00:36:30","date_gmt":"2017-12-11T02:36:30","guid":{"rendered":"https:\/\/www.redenoticia.com.br\/noticia\/?p=128383"},"modified":"2017-12-11T00:40:49","modified_gmt":"2017-12-11T02:40:49","slug":"fsp-usp-abre-vaga-de-doutorado-no-departamento-de-nutricao-neonatal","status":"publish","type":"post","link":"https:\/\/www.redenoticia.com.br\/noticia\/2017\/fsp-usp-abre-vaga-de-doutorado-no-departamento-de-nutricao-neonatal\/128383","title":{"rendered":"FSP-USP abre vaga de doutorado no Departamento de Nutri\u00e7\u00e3o Neonatal"},"content":{"rendered":"<p> Ag\u00eancia FAPESP\u00a0\u2013 O Departamento de Nutri\u00e7\u00e3o da Faculdade de Sa\u00fade P\u00fablica da USP selecionar\u00e1 um graduado em Medicina interessado em desenvolver <strong><em>doutorado<\/em><\/strong> vinculado ao\u00a0&#8220;Rela\u00e7\u00e3o entre adiposidade materna e adiposidade do concepto nos per\u00edodos fetal, neonatal e no primeiro ano de vida: estudo prospectivo de base populacional&#8221;, financiado pela FAPESP.<\/p>\n<p>O candidato dever\u00e1 ter forma\u00e7\u00e3o em Medicina, nas seguintes \u00e1reas: Pediatria, Radiologia ou Obstetr\u00edcia e envolvimento com Sa\u00fade P\u00fablica. Al\u00e9m disso, \u00e9 importante que o candidato tenha flu\u00eancia em ingl\u00eas.<\/p>\n<p>Os interessados dever\u00e3o se inscrever at\u00e9 dia 15 de dezembro de 2017, enviando e-mail para a professora coordenadora do projeto,\u00a0(phcrondo@usp.br). Junto ao e-mail, o candidato deve anexar carta manifestando as suas motiva\u00e7\u00f5es e experi\u00eancia profissional, duas cartas de indica\u00e7\u00e3o e curriculum vitae atualizado.<\/p>\n<p>A fase de coleta de dados para o projeto dever\u00e1 ser feita no Servi\u00e7o Especial de Sa\u00fade de Araraquara, no munic\u00edpio de Araraquara (SP). A sele\u00e7\u00e3o ser\u00e1 por meio de an\u00e1lise do curr\u00edculo e entrevista.<\/p>\n","protected":false},"excerpt":{"rendered":"<p>Ag\u00eancia FAPESP\u00a0\u2013 O Departamento de Nutri\u00e7\u00e3o da Faculdade de Sa\u00fade P\u00fablica da USP selecionar\u00e1 um graduado em Medicina interessado em desenvolver doutorado vinculado ao\u00a0&#8220;Rela\u00e7\u00e3o entre adiposidade materna e adiposidade do concepto nos per\u00edodos fetal, neonatal e no primeiro ano de vida: estudo prospectivo de base populacional&#8221;, financiado pela FAPESP. O candidato dever\u00e1 ter forma\u00e7\u00e3o em [&hellip;]<\/p>\n","protected":false},"author":2,"featured_media":21255,"comment_status":"closed","ping_status":"closed","sticky":false,"template":"","format":"standard","meta":{"_genesis_hide_title":false,"_genesis_hide_breadcrumbs":false,"_genesis_hide_singular_image":false,"_genesis_hide_footer_widgets":false,"_genesis_custom_body_class":"","_genesis_custom_post_class":"","_genesis_layout":"","_jetpack_memberships_contains_paid_content":false,"footnotes":""},"categories":[22,370,353],"tags":[],"class_list":{"0":"post-128383","1":"post","2":"type-post","3":"status-publish","4":"format-standard","5":"has-post-thumbnail","7":"category-brasil","8":"category-inscricao","9":"category-oportunidades","10":"entry","11":"gs-1","12":"gs-odd","13":"gs-even","14":"gs-featured-content-entry"},"jetpack_featured_media_url":"https:\/\/www.redenoticia.com.br\/noticia\/imagens\/salada-verao.jpg","jetpack_sharing_enabled":true,"jetpack_likes_enabled":true,"_links":{"self":[{"href":"https:\/\/www.redenoticia.com.br\/noticia\/wp-json\/wp\/v2\/posts\/128383","targetHints":{"allow":["GET"]}}],"collection":[{"href":"https:\/\/www.redenoticia.com.br\/noticia\/wp-json\/wp\/v2\/posts"}],"about":[{"href":"https:\/\/www.redenoticia.com.br\/noticia\/wp-json\/wp\/v2\/types\/post"}],"author":[{"embeddable":true,"href":"https:\/\/www.redenoticia.com.br\/noticia\/wp-json\/wp\/v2\/users\/2"}],"replies":[{"embeddable":true,"href":"https:\/\/www.redenoticia.com.br\/noticia\/wp-json\/wp\/v2\/comments?post=128383"}],"version-history":[{"count":0,"href":"https:\/\/www.redenoticia.com.br\/noticia\/wp-json\/wp\/v2\/posts\/128383\/revisions"}],"wp:featuredmedia":[{"embeddable":true,"href":"https:\/\/www.redenoticia.com.br\/noticia\/wp-json\/wp\/v2\/media\/21255"}],"wp:attachment":[{"href":"https:\/\/www.redenoticia.com.br\/noticia\/wp-json\/wp\/v2\/media?parent=128383"}],"wp:term":[{"taxonomy":"category","embeddable":true,"href":"https:\/\/www.redenoticia.com.br\/noticia\/wp-json\/wp\/v2\/categories?post=128383"},{"taxonomy":"post_tag","embeddable":true,"href":"https:\/\/www.redenoticia.com.br\/noticia\/wp-json\/wp\/v2\/tags?post=128383"}],"curies":[{"name":"wp","href":"https:\/\/api.w.org\/{rel}","templated":true}]}}