{"id":12724,"date":"2009-09-25T11:27:17","date_gmt":"2009-09-25T15:27:17","guid":{"rendered":"http:\/\/www.redenoticia.com.br\/noticia\/?p=12724"},"modified":"2009-09-25T11:27:17","modified_gmt":"2009-09-25T15:27:17","slug":"empresarios-apostam-no-e-commerce-para-as-vendas-do-final-do-ano","status":"publish","type":"post","link":"https:\/\/www.redenoticia.com.br\/noticia\/2009\/empresarios-apostam-no-e-commerce-para-as-vendas-do-final-do-ano\/12724","title":{"rendered":"Empres\u00e1rios apostam no e-commerce para as vendas do final do ano"},"content":{"rendered":"<p>Com a estimativa de fechamento do ano com um faturamento recorde em torno de R$ 10,5 bilh\u00f5es, os empres\u00e1rios com atua\u00e7\u00e3o no com\u00e9rcio eletr\u00f4nico esperam com expectativas otimistas a chegada do per\u00edodo de maior volume de vendas. As grandes redes j\u00e1 est\u00e3o se preparando para o final do ano ampliando suas equipes, investindo em estoques e na diversidade de produtos. Com o aumento do numero de internautas na rede, as lojas est\u00e3o se preparando para crescer 40% a mais que o comercializado no segundo semestre do ano passado.<\/p>\n<p>O crescimento do e-commerce est\u00e1 possibilitando maior diversidade de produtos na rede, diferentes possibilidades de compra, ofertas e produtos competitivos. De acordo com o presidente do Programa Administra\u00e7\u00e3o de Varejo (Provar), o professor Cla\u00fadio Felisoni, da Funda\u00e7\u00e3o Instituto de Administra\u00e7\u00e3o (FIA), as lojas virtuais devem focar todo seu investimento em log\u00edstica para garantir a diferen\u00e7a na briga pelo mercado. &#8220;Na internet \u00e9 muito mais f\u00e1cil o consumidor mudar de id\u00e9ia e optar por comprar no concorrente por um problema de log\u00edstica. \u00c9 preciso investir para ter uma entrega confi\u00e1vel&#8221;, diz.<\/p>\n<p>Para Pedro Luiz Quissack, coordenador comercial da Tray Sistemas, o m\u00eas de setembro, conhecido tradicionalmente como m\u00eas do consumidor , vem agitar ainda mais o com\u00e9rcio eletr\u00f4nico, e na sequ\u00eancia o Dia das Crian\u00e7as. &#8221; A migra\u00e7\u00e3o das ofertas do varejo tradicional para o com\u00e9rcio eletr\u00f4nico, vem contribuir para as vendas no varejo online e ainda dar uma pr\u00e9via do que vai ser o Dia das Crian\u00e7as, o Natal acaba sendo conseq\u00fc\u00eancia para o lojista que se planejou durante o ano inteiro para a data. O com\u00e9rcio eletr\u00f4nico est\u00e1 ganhando cada vez mais compradores, segundo pesquisa realizada pela C\u00e2mara e-net, o \u00edndice de satisfa\u00e7\u00e3o de quem compra pela internet bateu record pelo segundo m\u00eas consecutivo em agosto, isso propiciona ainda mais confiabilidade na hora da compra&#8221;.<\/p>\n<p>Al\u00e9m disso, \u00e9 comum que as empresas se preparem durante todo o semestre para atender as demandas crescentes do Natal, onde \u00e9 esperado um aumento no volume de vendas que pode chegar ao dobro dos meses anteriores. Para Quissack, as lojas virtuais come\u00e7am agora uma prepara\u00e7\u00e3o intensa para o final do ano. &#8221; Um bom planejamento trata desde as quest\u00f5es conceituais e de m\u00e9dio e longo prazo da loja, bem como as t\u00e1ticas de comercializa\u00e7\u00e3o e promo\u00e7\u00e3o dos produtos. Nesse momento entra a aten\u00e7\u00e3o especial \u00e0s sazonalidades&#8221;, conclui.<\/p>\n<p>Sobre a Tray Sistemas:<\/p>\n<p>A Tray Sistemas \u00e9 uma empresa nova e moderna, sin\u00f4nimo de tecnologia e criatividade que desde 2003 trabalha no desenvolvimento de solu\u00e7\u00f5es \u00e1geis e seguras que possibilitam que empresas e pessoas estejam presentes na internet divulgando e comercializando produtos e servi\u00e7os atrav\u00e9s de lojas virtuais. Nossa vis\u00e3o \u00e9 se tornar a principal empresa de e-commerce do Brasil. Para isso estamos constantemente reinventando e desenvolvendo novos produtos e servi\u00e7os que possibilitem que pessoas e empresas estejam presentes na Internet de uma maneira s\u00f3lida e sustent\u00e1vel.<\/p>\n","protected":false},"excerpt":{"rendered":"<p>Com a estimativa de fechamento do ano com um faturamento recorde em torno de R$ 10,5 bilh\u00f5es, os empres\u00e1rios com atua\u00e7\u00e3o no com\u00e9rcio eletr\u00f4nico esperam com expectativas otimistas a chegada do per\u00edodo de maior volume de vendas. As grandes redes j\u00e1 est\u00e3o se preparando para o final do ano ampliando suas equipes, investindo em estoques [&hellip;]<\/p>\n","protected":false},"author":3,"featured_media":0,"comment_status":"open","ping_status":"open","sticky":false,"template":"","format":"standard","meta":{"_genesis_hide_title":false,"_genesis_hide_breadcrumbs":false,"_genesis_hide_singular_image":false,"_genesis_hide_footer_widgets":false,"_genesis_custom_body_class":"","_genesis_custom_post_class":"","_genesis_layout":"","_jetpack_memberships_contains_paid_content":false,"footnotes":""},"categories":[22,7],"tags":[],"class_list":{"0":"post-12724","1":"post","2":"type-post","3":"status-publish","4":"format-standard","6":"category-brasil","7":"category-economia","8":"entry","9":"gs-1","10":"gs-odd","11":"gs-even","12":"gs-featured-content-entry"},"jetpack_featured_media_url":"","jetpack_sharing_enabled":true,"jetpack_likes_enabled":true,"_links":{"self":[{"href":"https:\/\/www.redenoticia.com.br\/noticia\/wp-json\/wp\/v2\/posts\/12724","targetHints":{"allow":["GET"]}}],"collection":[{"href":"https:\/\/www.redenoticia.com.br\/noticia\/wp-json\/wp\/v2\/posts"}],"about":[{"href":"https:\/\/www.redenoticia.com.br\/noticia\/wp-json\/wp\/v2\/types\/post"}],"author":[{"embeddable":true,"href":"https:\/\/www.redenoticia.com.br\/noticia\/wp-json\/wp\/v2\/users\/3"}],"replies":[{"embeddable":true,"href":"https:\/\/www.redenoticia.com.br\/noticia\/wp-json\/wp\/v2\/comments?post=12724"}],"version-history":[{"count":0,"href":"https:\/\/www.redenoticia.com.br\/noticia\/wp-json\/wp\/v2\/posts\/12724\/revisions"}],"wp:attachment":[{"href":"https:\/\/www.redenoticia.com.br\/noticia\/wp-json\/wp\/v2\/media?parent=12724"}],"wp:term":[{"taxonomy":"category","embeddable":true,"href":"https:\/\/www.redenoticia.com.br\/noticia\/wp-json\/wp\/v2\/categories?post=12724"},{"taxonomy":"post_tag","embeddable":true,"href":"https:\/\/www.redenoticia.com.br\/noticia\/wp-json\/wp\/v2\/tags?post=12724"}],"curies":[{"name":"wp","href":"https:\/\/api.w.org\/{rel}","templated":true}]}}