{"id":127187,"date":"2017-11-29T01:41:49","date_gmt":"2017-11-29T03:41:49","guid":{"rendered":"https:\/\/www.redenoticia.com.br\/noticia\/?p=127187"},"modified":"2017-12-01T18:09:09","modified_gmt":"2017-12-01T20:09:09","slug":"treinamento-tecnico-em-paleoceanografia-na-usp-com-bolsa-da-fapesp","status":"publish","type":"post","link":"https:\/\/www.redenoticia.com.br\/noticia\/2017\/treinamento-tecnico-em-paleoceanografia-na-usp-com-bolsa-da-fapesp\/127187","title":{"rendered":"Treinamento t\u00e9cnico em Paleoceanografia na USP com Bolsa da FAPESP"},"content":{"rendered":"<p> Ag\u00eancia FAPESP\u00a0\u2013 Est\u00e1 aberta uma oportunidade para uma Bolsa da FAPESP em <strong><em>Treinamento T\u00e9cnico N\u00edvel 3<\/em><\/strong> (TT-3) no projeto de pesquisa\u00a0, conduzido no Instituto Oceanogr\u00e1fico da USP. O prazo de inscri\u00e7\u00e3o se encerra no dia 30 de novembro de 2017.<\/p>\n<p>O projeto tem como principal objetivo compreender a evolu\u00e7\u00e3o de dep\u00f3sitos de contornitos na Bacia de Santos, margem sul brasileira, no \u00faltimo ciclo glacial. A pesquisa pretende tamb\u00e9m avaliar a rela\u00e7\u00e3o desses dep\u00f3sitos com a \u00c1gua Intermedi\u00e1ria Ant\u00e1rtica (AIA) e a \u00c1gua Profunda do Atl\u00e2ntico Norte (APAN), buscando entender as varia\u00e7\u00f5es de velocidades de correntes de fundo e produtividade oce\u00e2nica durante as mudan\u00e7as clim\u00e1ticas e a capacidade de reten\u00e7\u00e3o da mat\u00e9ria org\u00e2nica nos sedimentos do talude sob dom\u00ednio dessas massas de \u00e1gua.<\/p>\n<p>Para isso, ser\u00e3o aplicadas an\u00e1lises sedimentol\u00f3gicas, geoqu\u00edmicas e de associa\u00e7\u00f5es de foramin\u00edferos bent\u00f4nicos. A vaga \u00e9 voltada para alunos graduados do n\u00edvel superior, sem reprova\u00e7\u00f5es em seu hist\u00f3rico escolar e sem v\u00ednculo empregat\u00edcio. O candidato interessado deve enviar e-mail para a professora coordenadora do projeto,\u00a0(silviahelenamello@gmail.com).<\/p>\n<p>Mais informa\u00e7\u00f5es sobre a vaga est\u00e3o dispon\u00edveis em\u00a0.<\/p>\n<p>A Bolsa de TT-3 tem valor de R$ 1.195,60 e \u00e9 direcionada para alunos graduados do n\u00edvel superior, sem reprova\u00e7\u00f5es em seu hist\u00f3rico escolar e sem v\u00ednculo empregat\u00edcio, com dedica\u00e7\u00e3o de 16 a 40 horas semanais \u00e0s atividades de apoio ao projeto de pesquisa. O tempo de bolsa TT-3 ser\u00e1 descontado no caso de o interessado vir a usufruir de Bolsa de Mestrado ou Doutorado Direto.<\/p>\n<p>Mais informa\u00e7\u00f5es sobre as bolsas de Treinamento T\u00e9cnico:\u00a0<\/p>\n<p>Outras vagas de bolsas, em diversas \u00e1reas do conhecimento, est\u00e3o no site FAPESP-Oportunidades, em\u00a0.<\/p>\n","protected":false},"excerpt":{"rendered":"<p>Ag\u00eancia FAPESP\u00a0\u2013 Est\u00e1 aberta uma oportunidade para uma Bolsa da FAPESP em Treinamento T\u00e9cnico N\u00edvel 3 (TT-3) no projeto de pesquisa\u00a0, conduzido no Instituto Oceanogr\u00e1fico da USP. O prazo de inscri\u00e7\u00e3o se encerra no dia 30 de novembro de 2017. O projeto tem como principal objetivo compreender a evolu\u00e7\u00e3o de dep\u00f3sitos de contornitos na Bacia [&hellip;]<\/p>\n","protected":false},"author":2,"featured_media":28951,"comment_status":"closed","ping_status":"closed","sticky":false,"template":"","format":"standard","meta":{"_genesis_hide_title":false,"_genesis_hide_breadcrumbs":false,"_genesis_hide_singular_image":false,"_genesis_hide_footer_widgets":false,"_genesis_custom_body_class":"","_genesis_custom_post_class":"","_genesis_layout":"","_jetpack_memberships_contains_paid_content":false,"footnotes":""},"categories":[22,351,370],"tags":[],"class_list":{"0":"post-127187","1":"post","2":"type-post","3":"status-publish","4":"format-standard","5":"has-post-thumbnail","7":"category-brasil","8":"category-cursos","9":"category-inscricao","10":"entry","11":"gs-1","12":"gs-odd","13":"gs-even","14":"gs-featured-content-entry"},"jetpack_featured_media_url":"https:\/\/www.redenoticia.com.br\/noticia\/imagens\/concurso-inscricao-vagas-ate.jpg","jetpack_sharing_enabled":true,"jetpack_likes_enabled":true,"_links":{"self":[{"href":"https:\/\/www.redenoticia.com.br\/noticia\/wp-json\/wp\/v2\/posts\/127187","targetHints":{"allow":["GET"]}}],"collection":[{"href":"https:\/\/www.redenoticia.com.br\/noticia\/wp-json\/wp\/v2\/posts"}],"about":[{"href":"https:\/\/www.redenoticia.com.br\/noticia\/wp-json\/wp\/v2\/types\/post"}],"author":[{"embeddable":true,"href":"https:\/\/www.redenoticia.com.br\/noticia\/wp-json\/wp\/v2\/users\/2"}],"replies":[{"embeddable":true,"href":"https:\/\/www.redenoticia.com.br\/noticia\/wp-json\/wp\/v2\/comments?post=127187"}],"version-history":[{"count":0,"href":"https:\/\/www.redenoticia.com.br\/noticia\/wp-json\/wp\/v2\/posts\/127187\/revisions"}],"wp:featuredmedia":[{"embeddable":true,"href":"https:\/\/www.redenoticia.com.br\/noticia\/wp-json\/wp\/v2\/media\/28951"}],"wp:attachment":[{"href":"https:\/\/www.redenoticia.com.br\/noticia\/wp-json\/wp\/v2\/media?parent=127187"}],"wp:term":[{"taxonomy":"category","embeddable":true,"href":"https:\/\/www.redenoticia.com.br\/noticia\/wp-json\/wp\/v2\/categories?post=127187"},{"taxonomy":"post_tag","embeddable":true,"href":"https:\/\/www.redenoticia.com.br\/noticia\/wp-json\/wp\/v2\/tags?post=127187"}],"curies":[{"name":"wp","href":"https:\/\/api.w.org\/{rel}","templated":true}]}}