{"id":12702,"date":"2009-09-25T10:48:17","date_gmt":"2009-09-25T14:48:17","guid":{"rendered":"http:\/\/www.redenoticia.com.br\/noticia\/?p=12702"},"modified":"2009-09-25T10:48:17","modified_gmt":"2009-09-25T14:48:17","slug":"cmn-aprova-novas-regras-para-investimentos-de-fundos-de-pensao","status":"publish","type":"post","link":"https:\/\/www.redenoticia.com.br\/noticia\/2009\/cmn-aprova-novas-regras-para-investimentos-de-fundos-de-pensao\/12702","title":{"rendered":"CMN aprova novas regras para investimentos de fundos de pens\u00e3o"},"content":{"rendered":"<p>O Conselho Monet\u00e1rio Nacional aprovou nesta quinta-feira\u00a0 novas diretrizes para entidades fechadas de previd\u00eancia complementar, adequando os limites de aplica\u00e7\u00e3o dos fundos de previd\u00eancia ao novo cen\u00e1rio macroecon\u00f4mico, com taxas de juros em trajet\u00f3ria declinante e infla\u00e7\u00e3o sob controle.\u00a0O secret\u00e1rio de Previd\u00eancia Complementar, Ricardo Pena, afirmou, em coletiva a imprensa, que a id\u00e9ia da nova resolu\u00e7\u00e3o \u00e9 propiciar melhor ambiente de aplica\u00e7\u00e3o para que os fundos possam fazer a gest\u00e3o financeira de forma a pagar mais benef\u00edcios.<\/p>\n<p>\u201cN\u00f3s sabemos que a previd\u00eancia complementar \u00e9 um contrato de longo prazo, de 30 a 40 anos, e precisa ter regras prudenciais que possam proteger essa poupan\u00e7a previdenci\u00e1ria do esfor\u00e7o do trabalhador\u201d, comentou ap\u00f3s a aprova\u00e7\u00e3o da medida.<\/p>\n<p>Conforme o secret\u00e1rio, as novas regras tamb\u00e9m visam permitir que, num novo cen\u00e1rio de redu\u00e7\u00e3o da taxa de juros e de diversifica\u00e7\u00e3o de aplica\u00e7\u00f5es, os fundos possam ter uma pol\u00edtica mais ativa em termos de gerenciamento de riscos.<\/p>\n<p>Com a medida aprovada hoje pelo CMN, os fundos podem investir mais na bolsa de valores (Bovespa), em projetos de infraestrutura, no setor imobili\u00e1rio e em outros segmentos que estejam relacionados ao crescimento da economia. Ricardo Pena alertou que essa uma pol\u00edtica de investimento dever\u00e1 ser executada a partir de controles e da pr\u00f3pria governan\u00e7a dos fundos. \u201c\u00c9 fundamental proteger o interesse do participante, porque, no final, o objetivo principal \u00e9 pagar o benef\u00edcio\u201d, enfatizou.<\/p>\n<p>Mudan\u00e7as &#8211; As principais mudan\u00e7as na gest\u00e3o financeira s\u00e3o o aumento do limite de aplica\u00e7\u00e3o em renda vari\u00e1vel, de 50% para 70% do capital, e\u00a0 a cria\u00e7\u00e3o de\u00a0 limites investimento no exterior, via fundos de investimento e no segmento de investimentos estruturados. \u201cOs investimentos em projetos de infra-estrutura t\u00eam muito a ver com a perspectiva de crescimento econ\u00f4mico do pa\u00eds\u201d observou Pena.\u00a0<\/p>\n<p>A Secretaria de Previd\u00eancia Complementar \u00e9 \u00f3rg\u00e3o que vai fiscalizar essa pol\u00edtica de investimento dos fundos de pens\u00e3o. Ricardo Pena n\u00e3o descarta que os fundos poder\u00e3o correr mais risco, por\u00e9m, avalia que isso n\u00e3o significa colocar em inseguran\u00e7a o plano de previd\u00eancia.\u00a0 \u201cVoc\u00ea pode correr mais riscos e ter instrumentos para se proteger daquele risco, proteger a poupan\u00e7a\u201d.<\/p>\n<p>O secret\u00e1rio disse ainda o cen\u00e1rio de juros mais baixos est\u00e3o levando os fundos a se preparem para adquirir pap\u00e9is diferentes do que historicamente investem, mas com toda prud\u00eancia e todo o controle.<\/p>\n<p>Pena garante que Secretaria de Previd\u00eancia Complementar \u00e9 bastante cautelosa e tem uma dilig\u00eancia muito perto do que os fundos de pens\u00e3o est\u00e3o fazendo com a gest\u00e3o financeira dos seus investimentos. \u201cQuanto mais render essa nova aplica\u00e7\u00e3o ao longo dos 30 anos, significa que a aposentadoria do participante pode se maior. Por\u00e9m, se o rendimento for menor, a aposentadoria pode ser menor tamb\u00e9m\u201d.<\/p>\n<p>Mercado \u2013 O secret\u00e1rio informou que o sistema de previd\u00eancia complementar tem mais de 30 anos no Brasil, representa cerca 17% do PIB e conta com uma carteira de R$ 450 bilh\u00f5es (dado de 30 de junho de 2009).<\/p>\n<p>Existem no pa\u00eds 370 fundos de pens\u00e3o, que contam com mais de 2,5 milh\u00f5es de participantes ativos e 700 mil benef\u00edcios para aposentados e pensionistas. O setor tem mais de 2,5 mil patrocinadores, al\u00e9m de 500 associa\u00e7\u00f5es e sindicatos que tamb\u00e9m patrocinam fundos de pens\u00e3o.<\/p>\n<p>Por ano, recolhe mais de 25 milh\u00f5es de contribui\u00e7\u00f5es e paga mais de 30 bilh\u00f5es de benef\u00edcios previdenci\u00e1rios. \u201c\u00c9 um setor que tem papel social importante pela sua cobertura previdenci\u00e1ria, mas tamb\u00e9m tem um papel econ\u00f4mico, pois investe na atividade produtiva, em pap\u00e9is das empresas e aposta no futuro do Brasil na economia brasileira. Ent\u00e3o \u00e9 um setor realmente importante, que tem crescido e evolu\u00eddo, inclusive com boas regras de regula\u00e7\u00e3o e supervis\u00e3o do Estado\u201d, finalizou.<\/p>\n<p>Fonte: Assessoria de Comunica\u00e7\u00e3o Social &#8211; GMF<\/p>\n","protected":false},"excerpt":{"rendered":"<p>O Conselho Monet\u00e1rio Nacional aprovou nesta quinta-feira\u00a0 novas diretrizes para entidades fechadas de previd\u00eancia complementar, adequando os limites de aplica\u00e7\u00e3o dos fundos de previd\u00eancia ao novo cen\u00e1rio macroecon\u00f4mico, com taxas de juros em trajet\u00f3ria declinante e infla\u00e7\u00e3o sob controle.\u00a0O secret\u00e1rio de Previd\u00eancia Complementar, Ricardo Pena, afirmou, em coletiva a imprensa, que a id\u00e9ia da nova [&hellip;]<\/p>\n","protected":false},"author":3,"featured_media":0,"comment_status":"open","ping_status":"open","sticky":false,"template":"","format":"standard","meta":{"_genesis_hide_title":false,"_genesis_hide_breadcrumbs":false,"_genesis_hide_singular_image":false,"_genesis_hide_footer_widgets":false,"_genesis_custom_body_class":"","_genesis_custom_post_class":"","_genesis_layout":"","_jetpack_memberships_contains_paid_content":false,"footnotes":""},"categories":[22,7],"tags":[],"class_list":{"0":"post-12702","1":"post","2":"type-post","3":"status-publish","4":"format-standard","6":"category-brasil","7":"category-economia","8":"entry","9":"gs-1","10":"gs-odd","11":"gs-even","12":"gs-featured-content-entry"},"jetpack_featured_media_url":"","jetpack_sharing_enabled":true,"jetpack_likes_enabled":true,"_links":{"self":[{"href":"https:\/\/www.redenoticia.com.br\/noticia\/wp-json\/wp\/v2\/posts\/12702","targetHints":{"allow":["GET"]}}],"collection":[{"href":"https:\/\/www.redenoticia.com.br\/noticia\/wp-json\/wp\/v2\/posts"}],"about":[{"href":"https:\/\/www.redenoticia.com.br\/noticia\/wp-json\/wp\/v2\/types\/post"}],"author":[{"embeddable":true,"href":"https:\/\/www.redenoticia.com.br\/noticia\/wp-json\/wp\/v2\/users\/3"}],"replies":[{"embeddable":true,"href":"https:\/\/www.redenoticia.com.br\/noticia\/wp-json\/wp\/v2\/comments?post=12702"}],"version-history":[{"count":0,"href":"https:\/\/www.redenoticia.com.br\/noticia\/wp-json\/wp\/v2\/posts\/12702\/revisions"}],"wp:attachment":[{"href":"https:\/\/www.redenoticia.com.br\/noticia\/wp-json\/wp\/v2\/media?parent=12702"}],"wp:term":[{"taxonomy":"category","embeddable":true,"href":"https:\/\/www.redenoticia.com.br\/noticia\/wp-json\/wp\/v2\/categories?post=12702"},{"taxonomy":"post_tag","embeddable":true,"href":"https:\/\/www.redenoticia.com.br\/noticia\/wp-json\/wp\/v2\/tags?post=12702"}],"curies":[{"name":"wp","href":"https:\/\/api.w.org\/{rel}","templated":true}]}}