{"id":12648,"date":"2009-09-24T16:44:19","date_gmt":"2009-09-24T20:44:19","guid":{"rendered":"http:\/\/www.redenoticia.com.br\/noticia\/?p=12648"},"modified":"2009-09-24T16:44:19","modified_gmt":"2009-09-24T20:44:19","slug":"rede-record-divulga-lista-do-24-selecionados-no-idolos-2009","status":"publish","type":"post","link":"https:\/\/www.redenoticia.com.br\/noticia\/2009\/rede-record-divulga-lista-do-24-selecionados-no-idolos-2009\/12648","title":{"rendered":"Rede Record divulga lista do 24 selecionados no \u00cddolos 2009"},"content":{"rendered":"<p><a href=\"https:\/\/www.redenoticia.com.br\/noticia\/imagens\/\/idolos.jpg\"><img loading=\"lazy\" decoding=\"async\" class=\"alignleft size-full wp-image-8777\" title=\"idolos\" src=\"https:\/\/www.redenoticia.com.br\/noticia\/imagens\/\/idolos.jpg\" alt=\"idolos\" width=\"150\" height=\"113\" \/><\/a><strong>Rede Record<\/strong> \u2013 Nesta quinta-feira (24\/09) a Rede Record divulgou a lista dos <strong>24 candidatos<\/strong> selecionados no programa <strong>\u00cddolos 2009<\/strong>. A sele\u00e7\u00e3o da fase do teatro foi conclu\u00edda nesta quarta-feira na Rede Record, quando os jurados \u00cddolos 2009 avaliaram e selecionaram os \u00faltimos doze concorrentes. Agora est\u00e3o classificados 12 candidatos homens e 12 mulheres que ser\u00e3o julgados pelo p\u00fablico. Na pr\u00f3xima semana, as mulheres se apresentam no \u00cddolos 2009 da Rede Record e o p\u00fablico escolhe apenas as seis melhores para continuar na disputa. Na semana seguinte, o mesmo processo ocorre com os homens, e apenas seis ficam para a pr\u00f3xima fase.<\/p>\n<p>Na fase de concertos do \u00cddolos 2009 da Rede Record, durante dez semanas os 12 candidatos ficar\u00e3o confinados e ter\u00e3o que mostrar o seu talento em diferentes estilos. Al\u00e9m disso, eles dever\u00e3o conquistar acima de tudo a empatia do telespectador para receber o seu voto e permanecer na competi\u00e7\u00e3o.<\/p>\n<p>Na Grande Final, os dois melhores candidatos do \u00cddolos 2009 da Rede Record atrav\u00e9s da escolha do p\u00fablico se enfrentar\u00e3o, e o Brasil conhecer\u00e1 seu mais novo \u00cddolo, que ter\u00e1 garantido um contrato com uma reconhecida gravadora para o lan\u00e7amento de seu primeiro \u00e1lbum profissional e o apoio de um empres\u00e1rio para a constru\u00e7\u00e3o de sua nova carreira.<\/p>\n<p>Veja quem s\u00e3o os TOP 24 do \u00cdDOLOS 2009:<\/p>\n<p>J\u00e9sus Henrique de Souza, 24 anos, de Itabira\/MG<\/p>\n<p>Marcos Duarte, 25 anos, de Santa Quit\u00e9ria\/CE<\/p>\n<p>Phelipe Carvalho Silva, 18 anos, de Fortaleza\/CE<\/p>\n<p>Diego Augusto do Vale Moraes, 23 anos, de Campinas\/SP<\/p>\n<p>J\u00falio Cesar Ferreira de Sousa, 21 anos, de Sapopemba\/SP<\/p>\n<p>Marcos Paulo Barros Gomes, 19 anos, de Manaus\/AM<\/p>\n<p>Maycon Cesar Moreira Balbino, 18 anos, de Chapad\u00e3o do Sul\/MS<\/p>\n<p>Saulo do Amaral Freire Oliveira Souza, 20 anos, de S\u00e3o Paulo\/SP<\/p>\n<p>Cosme Motta de Lima, 24 anos, do Rio de Janeiro\/RJ<\/p>\n<p>Evandro Elias dos Santos, 25 anos, de Jacarezinho\/RJ<\/p>\n<p>Juceir J\u00fanio Gomes de Amorim, 19 anos, de Saquarema\/RJ<\/p>\n<p>Leonardo Bruno Baptista, 22 anos, de S\u00e3o Jo\u00e3o de Meriti\/RJ<\/p>\n<p>H\u00e9len Bitencourt da Silva Santos, 18 anos, de Curitiba\/PR<\/p>\n<p>Danielle Rodrigues de Morais, 25 anos, de Belo Horizonte\/MG<\/p>\n<p>Melina Mar\u00e7al Moreira, 23 anos, de Belo Horizonte\/MG<\/p>\n<p>Nat\u00e1lia Moraes Rodrigues, 19 anos, Fortaleza\/CE<\/p>\n<p>B\u00e1rbara Carolina Amorim Baptist\u00e3o, 22 anos, de S\u00e3o Bernardo do Campo\/SP<\/p>\n<p>Priscila Borges da Silva, 26 anos, de S\u00e3o Vicente\/SP<\/p>\n<p>Suzane Barbosa Silva, 19 anos, de Praia Grande\/SP<\/p>\n<p>Thais Ferraz de Andrade Bonizzi, 19 anos, Barueri\/SP<\/p>\n<p>Mayara Ferreira Magalh\u00e3es, 19 anos, de Cubat\u00e3o\/SP<\/p>\n<p>Aline Moreira de Souza, 25 anos, Vicente Pires\/DF<\/p>\n<p>Taissa de Araujo Lobo, 24 anos, do Rio de Janeiro\/RJ<\/p>\n<p>Raquel da Silva Soares, 23 anos, de Itagua\u00ed\/RJ<\/p>\n<p>\u00cddolos 2009 &#8211; Rede Record<\/p>\n","protected":false},"excerpt":{"rendered":"<p>Rede Record \u2013 Nesta quinta-feira (24\/09) a Rede Record divulgou a lista dos 24 candidatos selecionados no programa \u00cddolos 2009. A sele\u00e7\u00e3o da fase do teatro foi conclu\u00edda nesta quarta-feira na Rede Record, quando os jurados \u00cddolos 2009 avaliaram e selecionaram os \u00faltimos doze concorrentes. Agora est\u00e3o classificados 12 candidatos homens e 12 mulheres que [&hellip;]<\/p>\n","protected":false},"author":3,"featured_media":0,"comment_status":"open","ping_status":"open","sticky":false,"template":"","format":"standard","meta":{"_genesis_hide_title":false,"_genesis_hide_breadcrumbs":false,"_genesis_hide_singular_image":false,"_genesis_hide_footer_widgets":false,"_genesis_custom_body_class":"","_genesis_custom_post_class":"","_genesis_layout":"","_jetpack_memberships_contains_paid_content":false,"footnotes":""},"categories":[22,343],"tags":[],"class_list":{"0":"post-12648","1":"post","2":"type-post","3":"status-publish","4":"format-standard","6":"category-brasil","7":"category-televisao","8":"entry","9":"gs-1","10":"gs-odd","11":"gs-even","12":"gs-featured-content-entry"},"jetpack_featured_media_url":"","jetpack_sharing_enabled":true,"jetpack_likes_enabled":true,"_links":{"self":[{"href":"https:\/\/www.redenoticia.com.br\/noticia\/wp-json\/wp\/v2\/posts\/12648","targetHints":{"allow":["GET"]}}],"collection":[{"href":"https:\/\/www.redenoticia.com.br\/noticia\/wp-json\/wp\/v2\/posts"}],"about":[{"href":"https:\/\/www.redenoticia.com.br\/noticia\/wp-json\/wp\/v2\/types\/post"}],"author":[{"embeddable":true,"href":"https:\/\/www.redenoticia.com.br\/noticia\/wp-json\/wp\/v2\/users\/3"}],"replies":[{"embeddable":true,"href":"https:\/\/www.redenoticia.com.br\/noticia\/wp-json\/wp\/v2\/comments?post=12648"}],"version-history":[{"count":0,"href":"https:\/\/www.redenoticia.com.br\/noticia\/wp-json\/wp\/v2\/posts\/12648\/revisions"}],"wp:attachment":[{"href":"https:\/\/www.redenoticia.com.br\/noticia\/wp-json\/wp\/v2\/media?parent=12648"}],"wp:term":[{"taxonomy":"category","embeddable":true,"href":"https:\/\/www.redenoticia.com.br\/noticia\/wp-json\/wp\/v2\/categories?post=12648"},{"taxonomy":"post_tag","embeddable":true,"href":"https:\/\/www.redenoticia.com.br\/noticia\/wp-json\/wp\/v2\/tags?post=12648"}],"curies":[{"name":"wp","href":"https:\/\/api.w.org\/{rel}","templated":true}]}}