{"id":12521,"date":"2009-09-23T09:04:05","date_gmt":"2009-09-23T13:04:05","guid":{"rendered":"http:\/\/www.redenoticia.com.br\/noticia\/?p=12521"},"modified":"2009-09-23T09:04:05","modified_gmt":"2009-09-23T13:04:05","slug":"brasil-lanca-oficialmente-os-v-jogos-militares-mundiais","status":"publish","type":"post","link":"https:\/\/www.redenoticia.com.br\/noticia\/2009\/brasil-lanca-oficialmente-os-v-jogos-militares-mundiais\/12521","title":{"rendered":"Brasil lan\u00e7a oficialmente os V Jogos Militares Mundiais"},"content":{"rendered":"<p>O Brasil lan\u00e7ou, no Forte S\u00e3o Jo\u00e3o, no Rio de Janeiro, \u00a0os V Jogos Militares Mundiais-Os Jogos da Paz, o terceiro maior evento esportivo do mundo, que ser\u00e1 realizado 17 e 24 de julho de 2011. Na cerim\u00f4nia foi divulgado o estandarte dos Jogos. O lan\u00e7amento contou com a presen\u00e7a do governador do Estado, S\u00e9rgio Cabral, dos ministros da Defesa, Nelson Jobim, e do Esporte, Orlando Silva, do prefeito do Rio, Eduardo Paz, do presidente do Conselho Internacional do Esporte Militar (CISM), General Gianni Golla, do presidente da Comiss\u00e3o Desportiva Militar do Brasil (CDMB), Almirante Gamboa, e de dezenas de outras autoridades civis e militares e de atletas.<\/p>\n<p>Jobim, representando o presidente Luiz In\u00e1cio Lula da Silva na cerim\u00f4nia, destacou o car\u00e1ter de confraterniza\u00e7\u00e3o dos Jogos. &#8221; A paz se realiza na percep\u00e7\u00e3o de que n\u00f3s precisamos nos entender&#8221;. O ministro do Esporte apontou a contribui\u00e7\u00e3o que os jogos militares dar\u00e3o ao esfor\u00e7o para o Rio de Janeiro atrair as Olimp\u00edadas. &#8220;\u00c9 um marco na prepara\u00e7\u00e3o dos Jogos Ol\u00edmpicos de 2016&#8221;.\u00a0 Cabral, falando em nome do setor p\u00fablico brasileiro, \u00a0assegurou ao presidente do CISM o apoio do Estado ao evento. &#8220;Contem com o governo do Rio de Janeiro, do governo federal\u00a0 e da prefeitura para realizar os melhores jogos militares mundais da hist\u00f3ria&#8221;.<\/p>\n<p>Orlando Silva tamb\u00e9m elogiou o trabalho esportivo das For\u00e7as Armadas, que acolheram atletas em seus quadros para prepar\u00e1-los para a competi\u00e7\u00e3o. &#8220;Agrade\u00e7o as For\u00e7as Armadas do Brasil por refor\u00e7ar o esporte nacional e ter incorporado jovens, dando a eles uma perspectiva diferente, ajudando na difus\u00e3o de valores, na forma\u00e7\u00e3o para a cidadania e na forma\u00e7\u00e3o de grandes campe\u00f5es&#8221; afirmou.<\/p>\n<p>Os jogos ocorrer\u00e3o nas mesmas instala\u00e7\u00f5es onde ocorreram os XV Jogos Pan-Americanos (Rio 2007), e ser\u00e1 sucedido pela Copa do Mundo de 2014, num sequencia que fortalece o Rio como \u00a0palco de grandes eventos esportivos. Ser\u00e3o mais de cinco mil atletas, de 110 pa\u00edses, e ser\u00e1 \u00a0a primeira vez que os jogos ser\u00e3o realizados no continente americano.<\/p>\n<p>Al\u00e9m das instala\u00e7\u00f5es que ficaram de legado dos Jogos Pan-americanos, ser\u00e3o constru\u00eddas tr\u00eas vilas ol\u00edmpicas. As disputas ocorrer\u00e3o ainda no Est\u00e1dio Jo\u00e3o Havelange (&#8220;Engenh\u00e3o&#8221;), complexos Deodoro e Maria Lenk, Maracan\u00e3zinho, al\u00e9m da Praia de Copacabana e de instala\u00e7\u00f5es militares. Os atletas ficar\u00e3o hospedados em uma vila militar com 1.200 apartamentos, que est\u00e3o sendo constru\u00eddos pelo Minist\u00e9rio da Defesa, e que ser\u00e3o depois repassados \u00e0s For\u00e7as Armadas, tornando-se moradia de militares lotados no Rio de Janeiro, com 400 apartamentos para cada For\u00e7a.<\/p>\n<p>Os Jogos Mundiais Militares, uma esp\u00e9cie de olimp\u00edada militar, tiveram in\u00edcio em 1995, em Roma, na It\u00e1lia e se repetem a cada quatro anos. As edi\u00e7\u00f5es seguintes ocorreram em Zagreb, Cro\u00e1cia; \u00a0Cat\u00e2nia, novamente na It\u00e1lia; \u00a0e \u00a0Hydebarad, na \u00cdndia.<\/p>\n<p>Nos V Jogos, dever\u00e3o ser disputadas 20 modalidades esportivas: atletismo, esgrima, nata\u00e7\u00e3o, tiro, basquete, futebol, orienta\u00e7\u00e3o,\u00a0 triatlo, boxe, iatismo,para-quedismo,\u00a0 equita\u00e7\u00e3o, jud\u00f4,\u00a0 taekond\u00f4,voleibol, v\u00f4lei de praia,pentatlo moderno,pentatlo militar,pentatlo naval,e pentatlo aeron\u00e1utico.<\/p>\n<p>Mais informa\u00e7\u00f5es, em portugu\u00eas e ingl\u00eas, \u00a0no site: <a href=\"http:\/\/www.rio2011.com.br\" target=\"_blank\">http:\/\/www.rio2011.com.br<\/a><\/p>\n","protected":false},"excerpt":{"rendered":"<p>O Brasil lan\u00e7ou, no Forte S\u00e3o Jo\u00e3o, no Rio de Janeiro, \u00a0os V Jogos Militares Mundiais-Os Jogos da Paz, o terceiro maior evento esportivo do mundo, que ser\u00e1 realizado 17 e 24 de julho de 2011. Na cerim\u00f4nia foi divulgado o estandarte dos Jogos. O lan\u00e7amento contou com a presen\u00e7a do governador do Estado, S\u00e9rgio [&hellip;]<\/p>\n","protected":false},"author":3,"featured_media":0,"comment_status":"open","ping_status":"open","sticky":false,"template":"","format":"standard","meta":{"_genesis_hide_title":false,"_genesis_hide_breadcrumbs":false,"_genesis_hide_singular_image":false,"_genesis_hide_footer_widgets":false,"_genesis_custom_body_class":"","_genesis_custom_post_class":"","_genesis_layout":"","_jetpack_memberships_contains_paid_content":false,"footnotes":""},"categories":[22],"tags":[],"class_list":{"0":"post-12521","1":"post","2":"type-post","3":"status-publish","4":"format-standard","6":"category-brasil","7":"entry","8":"gs-1","9":"gs-odd","10":"gs-even","11":"gs-featured-content-entry"},"jetpack_featured_media_url":"","jetpack_sharing_enabled":true,"jetpack_likes_enabled":true,"_links":{"self":[{"href":"https:\/\/www.redenoticia.com.br\/noticia\/wp-json\/wp\/v2\/posts\/12521","targetHints":{"allow":["GET"]}}],"collection":[{"href":"https:\/\/www.redenoticia.com.br\/noticia\/wp-json\/wp\/v2\/posts"}],"about":[{"href":"https:\/\/www.redenoticia.com.br\/noticia\/wp-json\/wp\/v2\/types\/post"}],"author":[{"embeddable":true,"href":"https:\/\/www.redenoticia.com.br\/noticia\/wp-json\/wp\/v2\/users\/3"}],"replies":[{"embeddable":true,"href":"https:\/\/www.redenoticia.com.br\/noticia\/wp-json\/wp\/v2\/comments?post=12521"}],"version-history":[{"count":0,"href":"https:\/\/www.redenoticia.com.br\/noticia\/wp-json\/wp\/v2\/posts\/12521\/revisions"}],"wp:attachment":[{"href":"https:\/\/www.redenoticia.com.br\/noticia\/wp-json\/wp\/v2\/media?parent=12521"}],"wp:term":[{"taxonomy":"category","embeddable":true,"href":"https:\/\/www.redenoticia.com.br\/noticia\/wp-json\/wp\/v2\/categories?post=12521"},{"taxonomy":"post_tag","embeddable":true,"href":"https:\/\/www.redenoticia.com.br\/noticia\/wp-json\/wp\/v2\/tags?post=12521"}],"curies":[{"name":"wp","href":"https:\/\/api.w.org\/{rel}","templated":true}]}}