{"id":124646,"date":"2017-11-01T00:31:48","date_gmt":"2017-11-01T02:31:48","guid":{"rendered":"https:\/\/www.redenoticia.com.br\/noticia\/?p=124646"},"modified":"2017-10-31T15:35:47","modified_gmt":"2017-10-31T17:35:47","slug":"industria-paulista-projeta-crescimento-pelo-nono-mes-seguido","status":"publish","type":"post","link":"https:\/\/www.redenoticia.com.br\/noticia\/2017\/industria-paulista-projeta-crescimento-pelo-nono-mes-seguido\/124646","title":{"rendered":"Ind\u00fastria paulista projeta crescimento pelo nono m\u00eas seguido"},"content":{"rendered":"<p> A <strong><em>ind\u00fastria paulista<\/em><\/strong> registra expectativa &#8211; pelo nono m\u00eas consecutivo &#8211; de aumento na atividade no setor, segundo levantamento divulgado pela Federa\u00e7\u00e3o e pelo Centro das Ind\u00fastrias do Estado de S\u00e3o Paulo (Fiesp e Ciesp). O estudo apontou 51,7 pontos em outubro, avan\u00e7o de 0,6 ponto na compara\u00e7\u00e3o com setembro.<\/p>\n<p>Pelas regras do levantamento, resultados acima de 50 pontos, como os obtidos nos \u00faltimos nove meses, indicam expectativa de aumento da atividade industrial para o m\u00eas. Entre os indicadores, a condi\u00e7\u00e3o de mercado subiu para 55 pontos em outubro contra 53,6 pontos de setembro.<\/p>\n<p>A vari\u00e1vel de vendas tamb\u00e9m avan\u00e7ou, saindo de 52 pontos para 53. O indicador de estoque apresentou eleva\u00e7\u00e3o marcando 48 pontos, ante os 45,7 pontos do m\u00eas anterior.<\/p>\n<p>O indicador de emprego teve varia\u00e7\u00e3o negativa caindo de 52,4 para 52,4 pontos. Resultados para emprego acima de 50 pontos sugerem expectativa de contrata\u00e7\u00f5es para o m\u00eas.<\/p>\n<p>N\u00edvel de atividade<\/p>\n<p>O n\u00edvel de atividade da ind\u00fastria paulista avan\u00e7ou 0,2% em setembro na compara\u00e7\u00e3o com agosto. No acumulado de 12 meses, houve retra\u00e7\u00e3o (-0,1%) e, na compara\u00e7\u00e3o anual, o \u00edndice subiu 6,7%. O resultado de setembro foi fortemente influenciado pelas vendas reais que subiram 3,4% no per\u00edodo.<\/p>\n<p>Entre os setores pesquisados, os destaques foram produtos qu\u00edmicos: alta de 0,6% em setembro. As horas trabalhadas na produ\u00e7\u00e3o desse setor subiram 0,5%.<\/p>\n<p>O indicador que mede o n\u00edvel de atividade na metalurgia b\u00e1sica avan\u00e7ou 3,6% no m\u00eas. As horas trabalhadas na produ\u00e7\u00e3o e as vendas reais subiram 1,8% e 7,1%, respectivamente.<\/p>\n<p>O setor de m\u00e1quinas e equipamentos teve alta de 0,7% em setembro, com horas trabalhadas na produ\u00e7\u00e3o subindo 2,4% e vendas reais cedendo 2,3%.<\/p>\n<p>Fernanda Cruz \u2013 Rep\u00f3rter da Ag\u00eancia Brasil<br \/>\nEdi\u00e7\u00e3o: Kleber Sampaio<br \/>\n01\/11\/2017<\/p>\n","protected":false},"excerpt":{"rendered":"<p>A ind\u00fastria paulista registra expectativa &#8211; pelo nono m\u00eas consecutivo &#8211; de aumento na atividade no setor, segundo levantamento divulgado pela Federa\u00e7\u00e3o e pelo Centro das Ind\u00fastrias do Estado de S\u00e3o Paulo (Fiesp e Ciesp). O estudo apontou 51,7 pontos em outubro, avan\u00e7o de 0,6 ponto na compara\u00e7\u00e3o com setembro. Pelas regras do levantamento, resultados [&hellip;]<\/p>\n","protected":false},"author":2,"featured_media":57583,"comment_status":"open","ping_status":"closed","sticky":false,"template":"","format":"standard","meta":{"_genesis_hide_title":false,"_genesis_hide_breadcrumbs":false,"_genesis_hide_singular_image":false,"_genesis_hide_footer_widgets":false,"_genesis_custom_body_class":"","_genesis_custom_post_class":"","_genesis_layout":"","_jetpack_memberships_contains_paid_content":false,"footnotes":""},"categories":[22,7],"tags":[],"class_list":{"0":"post-124646","1":"post","2":"type-post","3":"status-publish","4":"format-standard","5":"has-post-thumbnail","7":"category-brasil","8":"category-economia","9":"entry","10":"gs-1","11":"gs-odd","12":"gs-even","13":"gs-featured-content-entry"},"jetpack_featured_media_url":"https:\/\/www.redenoticia.com.br\/noticia\/imagens\/economia-grafico.jpg","jetpack_sharing_enabled":true,"jetpack_likes_enabled":true,"_links":{"self":[{"href":"https:\/\/www.redenoticia.com.br\/noticia\/wp-json\/wp\/v2\/posts\/124646","targetHints":{"allow":["GET"]}}],"collection":[{"href":"https:\/\/www.redenoticia.com.br\/noticia\/wp-json\/wp\/v2\/posts"}],"about":[{"href":"https:\/\/www.redenoticia.com.br\/noticia\/wp-json\/wp\/v2\/types\/post"}],"author":[{"embeddable":true,"href":"https:\/\/www.redenoticia.com.br\/noticia\/wp-json\/wp\/v2\/users\/2"}],"replies":[{"embeddable":true,"href":"https:\/\/www.redenoticia.com.br\/noticia\/wp-json\/wp\/v2\/comments?post=124646"}],"version-history":[{"count":0,"href":"https:\/\/www.redenoticia.com.br\/noticia\/wp-json\/wp\/v2\/posts\/124646\/revisions"}],"wp:featuredmedia":[{"embeddable":true,"href":"https:\/\/www.redenoticia.com.br\/noticia\/wp-json\/wp\/v2\/media\/57583"}],"wp:attachment":[{"href":"https:\/\/www.redenoticia.com.br\/noticia\/wp-json\/wp\/v2\/media?parent=124646"}],"wp:term":[{"taxonomy":"category","embeddable":true,"href":"https:\/\/www.redenoticia.com.br\/noticia\/wp-json\/wp\/v2\/categories?post=124646"},{"taxonomy":"post_tag","embeddable":true,"href":"https:\/\/www.redenoticia.com.br\/noticia\/wp-json\/wp\/v2\/tags?post=124646"}],"curies":[{"name":"wp","href":"https:\/\/api.w.org\/{rel}","templated":true}]}}