{"id":124638,"date":"2017-11-01T00:27:07","date_gmt":"2017-11-01T02:27:07","guid":{"rendered":"https:\/\/www.redenoticia.com.br\/noticia\/?p=124638"},"modified":"2017-10-31T15:24:07","modified_gmt":"2017-10-31T17:24:07","slug":"protetor-solar-colorido-barra-dano-da-luz-visivel-a-pele","status":"publish","type":"post","link":"https:\/\/www.redenoticia.com.br\/noticia\/2017\/protetor-solar-colorido-barra-dano-da-luz-visivel-a-pele\/124638","title":{"rendered":"Protetor solar colorido barra dano da luz vis\u00edvel \u00e0 pele"},"content":{"rendered":"<p> Maria Fernanda Ziegler\u00a0 |\u00a0 Ag\u00eancia FAPESP\u00a0\u2013 H\u00e1 algo de errado em rela\u00e7\u00e3o \u00e0 exposi\u00e7\u00e3o das pessoas ao sol. Mesmo com o aumento no consumo de protetores solares em todo o mundo, o n\u00famero de casos de <strong><em>c\u00e2ncer de pele<\/em><\/strong> continua a crescer. Um dos principais motivos pode ser a a\u00e7\u00e3o da luz vis\u00edvel, que tamb\u00e9m causa danos \u00e0 pele e n\u00e3o \u00e9 bloqueada por protetores solares convencionais.<\/p>\n<p>Essa foi a conclus\u00e3o de uma equipe do Centro de Pesquisa em Processos Redox em Biomedicina (), um Centro de Pesquisa, Inova\u00e7\u00e3o e Difus\u00e3o (CEPID) da FAPESP. Os pesquisadores descreveram, em artigo publicado no\u00a0, o mecanismo dos efeitos combinados do dano provocado pelos raios UVA e pela luz vis\u00edvel nas c\u00e9lulas que produzem queratina.<\/p>\n<p>\u201cSabia-se que a luz vis\u00edvel provocava dano na pele, por\u00e9m avan\u00e7amos no entendimento dos mecanismos ao demonstrar que os raios UVA estimulam o ac\u00famulo de um pigmento chamado lipofuscina, que atua depois como fotossintetizador da luz vis\u00edvel na epiderme\u201d, disse Maur\u00edcio Baptista, professor do Instituto de Qu\u00edmica da USP e membro do CEPID Redoxoma, \u00e0\u00a0Ag\u00eancia FAPESP.<\/p>\n<p>\u201cBasicamente, o UVA causa um dano na pele e a luz vis\u00edvel amplifica\u201d, disse. De acordo com Baptista, para se proteger da luz vis\u00edvel seria necess\u00e1rio usar uma barreira f\u00edsica, como o uso de roupas e panos, ou um protetor solar colorido.<\/p>\n<p>\u201cO protetor colorido n\u00e3o deve ser de qualquer cor. A ideia \u00e9 que seja da tonalidade da pele de cada pessoa. Desenvolvemos um produto que contempla a prote\u00e7\u00e3o dos raios UVA, UVB e tamb\u00e9m da luz vis\u00edvel. Ele usa nanopart\u00edculas revestidas com filme fino de melanina. Este invento est\u00e1 patenteado [em nome da USP, com apoio da FAPESP] e estamos buscando parcerias para produzi-lo\u201d, disse.<\/p>\n<p>O mecanismo de dano da luz vis\u00edvel \u00e9 parecido com o dos raios UVA. Ambos atuam por meio da excita\u00e7\u00e3o luminosa e da promo\u00e7\u00e3o de estados excitados nas c\u00e9lulas da epiderme.<\/p>\n<p>O mecanismo \u00e9 completamente diferente, por exemplo, do encontrado nos raios UVB, que s\u00e3o absorvidos diretamente pelo DNA das c\u00e9lulas da epiderme, tendo resposta muito mais r\u00e1pida \u2013 inicialmente a vermelhid\u00e3o para quem produz menos melanina \u2013 e um maior dano \u00e0 pele. O infravermelho tem o efeito de uma radia\u00e7\u00e3o de calor que expande os vasos e provoca uma inflama\u00e7\u00e3o.<\/p>\n<p>\u201c\u00c9 preciso saber que a maneira como estamos nos protegendo do sol est\u00e1 errada. Al\u00e9m de exagerada, pois os \u00edndices de vitamina D est\u00e3o cada vez mais baixos na popula\u00e7\u00e3o brasileira, porque n\u00e3o pegamos um m\u00ednimo de sol necess\u00e1rio sem protetor. N\u00e3o estamos evitando a luz vis\u00edvel, que tamb\u00e9m causa dano na epiderme e n\u00e3o \u00e9 barrada pelo filtro solar\u201d, disse Baptista.<\/p>\n<p>Por outro lado, proteger-se dos raios UVB \u00e9 fundamental. \u201cOutra interpreta\u00e7\u00e3o errada de nosso estudo seria dizer que n\u00e3o \u00e9 preciso usar protetor solar. N\u00e3o \u00e9 isso. O UVB \u00e9 muito mais t\u00f3xico do que o UVA e do que a luz vis\u00edvel. S\u00f3 que tem havido um aumento na ocorr\u00eancia de c\u00e2nceres mais profundos, at\u00e9 porque a popula\u00e7\u00e3o se protege do UVB h\u00e1, pelo menos, 40 anos, mas por muito tempo n\u00e3o havia protetores contra o UVA. Contra o vis\u00edvel n\u00e3o tem at\u00e9 hoje\u201d, disse.<\/p>\n<p>Les\u00e3o nos queratin\u00f3citos<\/p>\n<p>A radia\u00e7\u00e3o UVA penetra de maneira mais profunda na epiderme e provoca outro tipo de dano, que \u00e9 percept\u00edvel no longo prazo. \u201cAcreditamos que os tipos de c\u00e2ncer de pele caracterizados pela exposi\u00e7\u00e3o ao UVA devem ter muito da a\u00e7\u00e3o da luz vis\u00edvel, que nunca foi contabilizada. Os danos do UVA e da luz vis\u00edvel s\u00e3o parecidos, eles agem em conjunto. Tanto o dano oxidativo do UVA quanto do vis\u00edvel causam oxida\u00e7\u00e3o no DNA\u201d, disse Baptista.<\/p>\n<p>A equipe do Redoxoma j\u00e1 havia estudado, em 2014, como as c\u00e9lulas produtoras de melanina, os melan\u00f3citos, respondiam \u00e0 luz vis\u00edvel. O novo trabalho vai al\u00e9m e analisa como as c\u00e9lulas produtoras de queratina (queratin\u00f3citos), que correspondem a maior parte das c\u00e9lulas da epiderme, s\u00e3o lesionados pela luz vis\u00edvel.<\/p>\n<p>Baptista conta que os queratin\u00f3citos sofrem primeiro o dano pela radia\u00e7\u00e3o UVA, fazendo com que essas c\u00e9lulas produzam lipofuscina, um fotossensibilizador de luz vis\u00edvel \u2013 c\u00e9lula que absorve e destr\u00f3i pigmentos. Quando isso ocorre, os queratin\u00f3citos se tornam sens\u00edveis \u00e0 luz vis\u00edvel. \u201cVimos que n\u00e3o \u00e9 s\u00f3 o melan\u00f3cito da epiderme que sofre com os efeitos da luz vis\u00edvel, o queratin\u00f3cito tamb\u00e9m\u201d, disse.<\/p>\n<p>A luz vis\u00edvel tem um efeito menor de dano \u00e0 pele em compara\u00e7\u00e3o a outros tipos de raios solares, mas a resposta na epiderme \u00e9 amplificada quando a pele n\u00e3o \u00e9 mais saud\u00e1vel e sofreu dano por radia\u00e7\u00e3o UVA. Al\u00e9m disso, 45% da radia\u00e7\u00e3o solar que atinge a pele \u00e9 composta de luz vis\u00edvel e somente 5% de ultravioleta.<\/p>\n<p>\u201cAvan\u00e7amos na compreens\u00e3o sobre o dano na pele causado pelos tipos de radia\u00e7\u00e3o, mas \u00e9 preciso alertar que tomar sol \u00e9 importante. A pele fica mais saud\u00e1vel em quem toma um pouco de sol por uma s\u00e9rie de fatores. O principal \u00e9 a produ\u00e7\u00e3o de vitamina D, que s\u00f3 ocorre se a pele \u00e9 exposta sem o protetor solar. Quanto \u00e9 esse pouco de sol? Depende muito do tipo de pele e de onde a pessoa est\u00e1 no planeta, da latitude, da altitude. Infelizmente, n\u00e3o existe uma tabela dizendo quanto a pessoa precisa tomar de sol\u201d, disse Baptista.<\/p>\n<p>O artigo\u00a0Lipofuscin generated by UVA turns keratinocytes photosensitive to visible light\u00a0(doi: 10.1016\/j.jid.2017.06.018), de Paulo Newton Tonolli, Orlando Chiarelli-Neto, Carolina Santacruz-Perez, Helena Couto Junqueira, Ii-Sei Watanabe, Felipe Gustavo Ravagnani, Waleska Kerllen Martins, Maur\u00edcio S. Baptista, pode ser lido no\u00a0Journal of Investigative Dermatology\u00a0em\u00a0.<\/p>\n","protected":false},"excerpt":{"rendered":"<p>Maria Fernanda Ziegler\u00a0 |\u00a0 Ag\u00eancia FAPESP\u00a0\u2013 H\u00e1 algo de errado em rela\u00e7\u00e3o \u00e0 exposi\u00e7\u00e3o das pessoas ao sol. Mesmo com o aumento no consumo de protetores solares em todo o mundo, o n\u00famero de casos de c\u00e2ncer de pele continua a crescer. Um dos principais motivos pode ser a a\u00e7\u00e3o da luz vis\u00edvel, que tamb\u00e9m [&hellip;]<\/p>\n","protected":false},"author":2,"featured_media":21246,"comment_status":"open","ping_status":"closed","sticky":false,"template":"","format":"standard","meta":{"_genesis_hide_title":false,"_genesis_hide_breadcrumbs":false,"_genesis_hide_singular_image":false,"_genesis_hide_footer_widgets":false,"_genesis_custom_body_class":"","_genesis_custom_post_class":"","_genesis_layout":"","_jetpack_memberships_contains_paid_content":false,"footnotes":""},"categories":[22,5],"tags":[],"class_list":{"0":"post-124638","1":"post","2":"type-post","3":"status-publish","4":"format-standard","5":"has-post-thumbnail","7":"category-brasil","8":"category-saude-e-vida","9":"entry","10":"gs-1","11":"gs-odd","12":"gs-even","13":"gs-featured-content-entry"},"jetpack_featured_media_url":"https:\/\/www.redenoticia.com.br\/noticia\/imagens\/hidratacao-verao.jpg","jetpack_sharing_enabled":true,"jetpack_likes_enabled":true,"_links":{"self":[{"href":"https:\/\/www.redenoticia.com.br\/noticia\/wp-json\/wp\/v2\/posts\/124638","targetHints":{"allow":["GET"]}}],"collection":[{"href":"https:\/\/www.redenoticia.com.br\/noticia\/wp-json\/wp\/v2\/posts"}],"about":[{"href":"https:\/\/www.redenoticia.com.br\/noticia\/wp-json\/wp\/v2\/types\/post"}],"author":[{"embeddable":true,"href":"https:\/\/www.redenoticia.com.br\/noticia\/wp-json\/wp\/v2\/users\/2"}],"replies":[{"embeddable":true,"href":"https:\/\/www.redenoticia.com.br\/noticia\/wp-json\/wp\/v2\/comments?post=124638"}],"version-history":[{"count":0,"href":"https:\/\/www.redenoticia.com.br\/noticia\/wp-json\/wp\/v2\/posts\/124638\/revisions"}],"wp:featuredmedia":[{"embeddable":true,"href":"https:\/\/www.redenoticia.com.br\/noticia\/wp-json\/wp\/v2\/media\/21246"}],"wp:attachment":[{"href":"https:\/\/www.redenoticia.com.br\/noticia\/wp-json\/wp\/v2\/media?parent=124638"}],"wp:term":[{"taxonomy":"category","embeddable":true,"href":"https:\/\/www.redenoticia.com.br\/noticia\/wp-json\/wp\/v2\/categories?post=124638"},{"taxonomy":"post_tag","embeddable":true,"href":"https:\/\/www.redenoticia.com.br\/noticia\/wp-json\/wp\/v2\/tags?post=124638"}],"curies":[{"name":"wp","href":"https:\/\/api.w.org\/{rel}","templated":true}]}}