{"id":124586,"date":"2017-10-31T00:30:36","date_gmt":"2017-10-31T02:30:36","guid":{"rendered":"https:\/\/www.redenoticia.com.br\/noticia\/?p=124586"},"modified":"2017-10-30T20:17:23","modified_gmt":"2017-10-30T22:17:23","slug":"bioeconomia-e-tema-de-encontro-na-fapesp","status":"publish","type":"post","link":"https:\/\/www.redenoticia.com.br\/noticia\/2017\/bioeconomia-e-tema-de-encontro-na-fapesp\/124586","title":{"rendered":"Bioeconomia \u00e9 tema de encontro na FAPESP"},"content":{"rendered":"<p> Ag\u00eancia FAPESP \u2013\u00a0As estrat\u00e9gias e pol\u00edticas que o Brasil e a Alemanha est\u00e3o adotando para desenvolver a <strong><em>bioeconomia<\/em><\/strong>, bem como os avan\u00e7os da ci\u00eancia e tecnologia na \u00e1rea, estar\u00e3o na pauta das discuss\u00f5es do 6\u00ba Di\u00e1logo Brasil-Alemanha de Ci\u00eancia, Pesquisa e Inova\u00e7\u00e3o nos dias 8 e 9 de novembro, em S\u00e3o Paulo.<\/p>\n<p>O evento, no audit\u00f3rio da FAPESP, ter\u00e1 a participa\u00e7\u00e3o de pesquisadores, tomadores de decis\u00e3o e representantes de empresas do Brasil e da Alemanha. O tema ser\u00e1 \u201cBioeconomy: Research and Innovation Shaping the New Biobased Economy\u201d.<\/p>\n<p>Realizado pela FAPESP em conjunto com o Centro Alem\u00e3o de Ci\u00eancia e Inova\u00e7\u00e3o &#8211; S\u00e3o Paulo (DWIH-SP) e o Minist\u00e9rio da Ci\u00eancia, Tecnologia, Inova\u00e7\u00f5es e Comunica\u00e7\u00f5es (MCTIC), o evento ser\u00e1 precedido por uma reuni\u00e3o interministerial em Campinas (SP) no dia 7 de novembro, no \u00e2mbito da parceria Brasil-Alemanha em bioeconomia, acertada pelos dois pa\u00edses em 2015.<\/p>\n<p>\u201cA Alemanha e o Brasil decidiram investir conjuntamente em projetos relacionados \u00e0 bioeconomia e promovem nesse Di\u00e1logo uma oportunidade de levar essa discuss\u00e3o a um alto n\u00edvel, envolvendo a comunidade cient\u00edfica, empresas e governo de ambos os pa\u00edses\u201d, disse Martina Schulze, diretora do DWIH-SP.<\/p>\n<p>Para o diretor cient\u00edfico da FAPESP, Carlos Henrique de Brito Cruz, a s\u00e9rie Di\u00e1logo Brasil-Alemanha facilita o progresso da colabora\u00e7\u00e3o em pesquisa entre cientistas da Alemanha e do Brasil. \u201cPara a FAPESP, a oportunidade \u00e9 \u00f3tima, pois permite mobilizar os acordos que temos com importantes ag\u00eancias alem\u00e3s de financiamento \u00e0 pesquisa, como DFG, DAAD, StMBW e BMBF, para o apoio a projetos ousados com cientistas em S\u00e3o Paulo e na Alemanha\u201d, destacou.<\/p>\n<p>No painel que discutir\u00e1 as estrat\u00e9gias e pol\u00edticas na \u00e1rea, representantes dos minist\u00e9rios que cuidam da pasta de ci\u00eancia e tecnologia de cada pa\u00eds ir\u00e3o relatar suas a\u00e7\u00f5es. Pela Alemanha, falar\u00e1 Andrea Noske, chefe da Divis\u00e3o de Bioeconomia do Minist\u00e9rio da Educa\u00e7\u00e3o e Pesquisa da Alemanha (BMBF), enquanto Bruno Nunes, coordenador geral de Bioeconomia do MCTIC, apresentar\u00e1 as a\u00e7\u00f5es brasileiras.<\/p>\n<p>Georg Backhaus (diretor do Instituto Julius K\u00fchn) e Paulo Arruda (coordenador do Laborat\u00f3rio de Estudo da Regula\u00e7\u00e3o da Express\u00e3o G\u00eanica da Unicamp) ser\u00e3o os palestrantes principais e abrir\u00e3o a parte cient\u00edfica do Di\u00e1logo.<\/p>\n<p>No dia seguinte, dois pain\u00e9is abordar\u00e3o os temas \u201cProdu\u00e7\u00e3o sustent\u00e1vel de alimentos e bioprodutos\u201d e \u201cAplica\u00e7\u00e3o t\u00e9cnica de biomassa e bioenergia\u201d. Ambos ter\u00e3o a participa\u00e7\u00e3o de cerca de 20 cientistas.<\/p>\n<p>A abertura do evento contar\u00e1 com a presen\u00e7a de Jos\u00e9 Goldemberg (presidente da FAPESP), Martina Schulze (diretora do DWIH-SP), Georg Witschel (embaixador da Alemanha) e Lu\u00eds Felipe Fortuna (chefe da Assessoria Especial de Assuntos Internacionais do MCTIC), al\u00e9m de autoridades do Estado de S\u00e3o Paulo.<\/p>\n<p>S\u00e3o parceiros do 6\u00ba Di\u00e1logo Brasil-Alemanha de Ci\u00eancia, Pesquisa e Inova\u00e7\u00e3o: Minist\u00e9rio das Rela\u00e7\u00f5es Externas e Minist\u00e9rio de Educa\u00e7\u00e3o e Pesquisa da Alemanha, Leibniz Association, Fraunhofer e Conselho Nacional de Desenvolvimento Cient\u00edfico e Tecnol\u00f3gico (CNPq). Apoiam o evento: Sociedade Brasileira para o Progresso da Ci\u00eancia (SBPC), C\u00e2mara de Com\u00e9rcio e Ind\u00fastria Brasil-Alemanha (AHK), Associa\u00e7\u00e3o de Engenheiros Brasil-Alemanha (VDI) e as funda\u00e7\u00f5es Konrad Adenauer e Friedrich Naumann.<\/p>\n<p>Inscri\u00e7\u00f5es e mais informa\u00e7\u00f5es sobre o evento:\u00a0.<\/p>\n","protected":false},"excerpt":{"rendered":"<p>Ag\u00eancia FAPESP \u2013\u00a0As estrat\u00e9gias e pol\u00edticas que o Brasil e a Alemanha est\u00e3o adotando para desenvolver a bioeconomia, bem como os avan\u00e7os da ci\u00eancia e tecnologia na \u00e1rea, estar\u00e3o na pauta das discuss\u00f5es do 6\u00ba Di\u00e1logo Brasil-Alemanha de Ci\u00eancia, Pesquisa e Inova\u00e7\u00e3o nos dias 8 e 9 de novembro, em S\u00e3o Paulo. O evento, no [&hellip;]<\/p>\n","protected":false},"author":2,"featured_media":36246,"comment_status":"open","ping_status":"closed","sticky":false,"template":"","format":"standard","meta":{"_genesis_hide_title":false,"_genesis_hide_breadcrumbs":false,"_genesis_hide_singular_image":false,"_genesis_hide_footer_widgets":false,"_genesis_custom_body_class":"","_genesis_custom_post_class":"","_genesis_layout":"","_jetpack_memberships_contains_paid_content":false,"footnotes":""},"categories":[22,351,7,370],"tags":[],"class_list":{"0":"post-124586","1":"post","2":"type-post","3":"status-publish","4":"format-standard","5":"has-post-thumbnail","7":"category-brasil","8":"category-cursos","9":"category-economia","10":"category-inscricao","11":"entry","12":"gs-1","13":"gs-odd","14":"gs-even","15":"gs-featured-content-entry"},"jetpack_featured_media_url":"https:\/\/www.redenoticia.com.br\/noticia\/imagens\/professor-a.jpg","jetpack_sharing_enabled":true,"jetpack_likes_enabled":true,"_links":{"self":[{"href":"https:\/\/www.redenoticia.com.br\/noticia\/wp-json\/wp\/v2\/posts\/124586","targetHints":{"allow":["GET"]}}],"collection":[{"href":"https:\/\/www.redenoticia.com.br\/noticia\/wp-json\/wp\/v2\/posts"}],"about":[{"href":"https:\/\/www.redenoticia.com.br\/noticia\/wp-json\/wp\/v2\/types\/post"}],"author":[{"embeddable":true,"href":"https:\/\/www.redenoticia.com.br\/noticia\/wp-json\/wp\/v2\/users\/2"}],"replies":[{"embeddable":true,"href":"https:\/\/www.redenoticia.com.br\/noticia\/wp-json\/wp\/v2\/comments?post=124586"}],"version-history":[{"count":0,"href":"https:\/\/www.redenoticia.com.br\/noticia\/wp-json\/wp\/v2\/posts\/124586\/revisions"}],"wp:featuredmedia":[{"embeddable":true,"href":"https:\/\/www.redenoticia.com.br\/noticia\/wp-json\/wp\/v2\/media\/36246"}],"wp:attachment":[{"href":"https:\/\/www.redenoticia.com.br\/noticia\/wp-json\/wp\/v2\/media?parent=124586"}],"wp:term":[{"taxonomy":"category","embeddable":true,"href":"https:\/\/www.redenoticia.com.br\/noticia\/wp-json\/wp\/v2\/categories?post=124586"},{"taxonomy":"post_tag","embeddable":true,"href":"https:\/\/www.redenoticia.com.br\/noticia\/wp-json\/wp\/v2\/tags?post=124586"}],"curies":[{"name":"wp","href":"https:\/\/api.w.org\/{rel}","templated":true}]}}