{"id":12404,"date":"2009-09-21T16:58:35","date_gmt":"2009-09-21T20:58:35","guid":{"rendered":"http:\/\/www.redenoticia.com.br\/noticia\/?p=12404"},"modified":"2009-09-21T16:58:35","modified_gmt":"2009-09-21T20:58:35","slug":"calvicie-feminina-tire-isso-da-cabeca","status":"publish","type":"post","link":"https:\/\/www.redenoticia.com.br\/noticia\/2009\/calvicie-feminina-tire-isso-da-cabeca\/12404","title":{"rendered":"Calv\u00edcie feminina: tire isso da cabe\u00e7a"},"content":{"rendered":"<p>Apesar de poucos notarem, a queda de cabelos \u00e9 um problema presente tamb\u00e9m no universo feminino. Segundo o dermatologista Ademir Carvalho Leite J\u00fanior, especialista em tricologia &#8211; estudo dos cabelos &#8211; apesar de atingir mais homens, cerca de 50% contra uma m\u00e9dia de 25% de mulheres, a calv\u00edcie costuma ter maior impacto para elas, pois envolve beleza.\u00a0A queda de cabelos em mulheres pode ser desencadeada por fatores heredit\u00e1rios e fatores externos, como: utiliza\u00e7\u00e3o de determinados medicamentos, problemas na tire\u00f3ide, estresse, anemia, d\u00e9ficit nutricional e uso inadequado ou excessivo de produtos qu\u00edmicos como tinturas, permanentes, alisantes, descolorantes etc, e\u00a0<\/p>\n<p>Quando heredit\u00e1ria, a calv\u00edcie feminina recebe o nome de alopecia androgen\u00e9tica, que pode dar os primeiros sinais ainda na adolesc\u00eancia. Neste caso, a queda de cabelo ocorre devido ao aumento da concentra\u00e7\u00e3o de testosterona (horm\u00f4nio masculino) ou aumento da sensibilidade \u00e0 a\u00e7\u00e3o desses horm\u00f4nios no organismo da mulher.<\/p>\n<p>Para combater o problema, o tratamento mais indicado para o sexo feminino \u00e9 o uso de medicamentos t\u00f3picos. Avicis (alfaestradiol), \u00faltimo lan\u00e7amento da categoria, age diretamente no metabolismo e atinge o processo de miniaturiza\u00e7\u00e3o dos fios. O medicamento \u00e9 um inibidor da 5-alfa reductase, enzima conversora da testosterona em DHT, horm\u00f4nio respons\u00e1vel pelo afinamento e queda dos cabelos.<\/p>\n<p>Na pr\u00e1tica, isso significa que Avicis (alfaestradiol) pode diminuir a queda de cabelo, fazendo com os que os fios enfraquecidos nas\u00e7am mais fortes e grossos, principalmente nos casos em que a alopecia androgen\u00e9tica \u00e9 diagnosticada precocemente. Estudos indicam que cerca de 89% das mulheres que se submeteram ao tratamento tiveram melhora no quadro.<\/p>\n<p>Al\u00e9m do impacto positivo na apar\u00eancia, o tratamento da calv\u00edcie nas mulheres tem efeitos na auto-estima, o que pode refletir na vida profissional e pessoal, j\u00e1 que os cabelos s\u00e3o considerados essenciais por elas mesmas quando se fala em feminilidade.<\/p>\n<p>Galderma \u00e9 uma companhia farmac\u00eautica exclusivamente dermatol\u00f3gica, criada a partir de uma joint-venture entre Nestl\u00e9 e L&#8217;Or\u00e9al, em 1981. Presente em 65 pa\u00edses, \u00e9 l\u00edder mundial no segmento e, no Brasil desde 1995, j\u00e1 conquistou o segundo lugar no ranking nacional da dermatologia. Especializada em pesquisa, desenvolvimento e comercializa\u00e7\u00e3o de solu\u00e7\u00f5es terap\u00eauticas, corretivas e est\u00e9ticas para doen\u00e7as de pele, unhas e cabelos, a Galderma possui centros dedicados \u00e0 inova\u00e7\u00e3o em dermatologia em Sophia Antipolis (sudeste da Fran\u00e7a), Princetown (New Jersey, EUA) e T\u00f3quio (Jap\u00e3o), al\u00e9m das f\u00e1bricas localizadas na Fran\u00e7a, Canad\u00e1 e em Hortol\u00e2ndia, interior do estado de S\u00e3o Paulo. Para mais informa\u00e7\u00f5es, visite www.galderma.com.br.<\/p>\n","protected":false},"excerpt":{"rendered":"<p>Apesar de poucos notarem, a queda de cabelos \u00e9 um problema presente tamb\u00e9m no universo feminino. Segundo o dermatologista Ademir Carvalho Leite J\u00fanior, especialista em tricologia &#8211; estudo dos cabelos &#8211; apesar de atingir mais homens, cerca de 50% contra uma m\u00e9dia de 25% de mulheres, a calv\u00edcie costuma ter maior impacto para elas, pois [&hellip;]<\/p>\n","protected":false},"author":3,"featured_media":0,"comment_status":"open","ping_status":"open","sticky":false,"template":"","format":"standard","meta":{"_genesis_hide_title":false,"_genesis_hide_breadcrumbs":false,"_genesis_hide_singular_image":false,"_genesis_hide_footer_widgets":false,"_genesis_custom_body_class":"","_genesis_custom_post_class":"","_genesis_layout":"","_jetpack_memberships_contains_paid_content":false,"footnotes":""},"categories":[22],"tags":[],"class_list":{"0":"post-12404","1":"post","2":"type-post","3":"status-publish","4":"format-standard","6":"category-brasil","7":"entry","8":"gs-1","9":"gs-odd","10":"gs-even","11":"gs-featured-content-entry"},"jetpack_featured_media_url":"","jetpack_sharing_enabled":true,"jetpack_likes_enabled":true,"_links":{"self":[{"href":"https:\/\/www.redenoticia.com.br\/noticia\/wp-json\/wp\/v2\/posts\/12404","targetHints":{"allow":["GET"]}}],"collection":[{"href":"https:\/\/www.redenoticia.com.br\/noticia\/wp-json\/wp\/v2\/posts"}],"about":[{"href":"https:\/\/www.redenoticia.com.br\/noticia\/wp-json\/wp\/v2\/types\/post"}],"author":[{"embeddable":true,"href":"https:\/\/www.redenoticia.com.br\/noticia\/wp-json\/wp\/v2\/users\/3"}],"replies":[{"embeddable":true,"href":"https:\/\/www.redenoticia.com.br\/noticia\/wp-json\/wp\/v2\/comments?post=12404"}],"version-history":[{"count":0,"href":"https:\/\/www.redenoticia.com.br\/noticia\/wp-json\/wp\/v2\/posts\/12404\/revisions"}],"wp:attachment":[{"href":"https:\/\/www.redenoticia.com.br\/noticia\/wp-json\/wp\/v2\/media?parent=12404"}],"wp:term":[{"taxonomy":"category","embeddable":true,"href":"https:\/\/www.redenoticia.com.br\/noticia\/wp-json\/wp\/v2\/categories?post=12404"},{"taxonomy":"post_tag","embeddable":true,"href":"https:\/\/www.redenoticia.com.br\/noticia\/wp-json\/wp\/v2\/tags?post=12404"}],"curies":[{"name":"wp","href":"https:\/\/api.w.org\/{rel}","templated":true}]}}