{"id":12210,"date":"2009-09-18T13:36:49","date_gmt":"2009-09-18T17:36:49","guid":{"rendered":"http:\/\/www.redenoticia.com.br\/noticia\/?p=12210"},"modified":"2009-09-18T13:36:49","modified_gmt":"2009-09-18T17:36:49","slug":"cesp-abre-concurso-publico-para-preencher-201-vagas","status":"publish","type":"post","link":"https:\/\/www.redenoticia.com.br\/noticia\/2009\/cesp-abre-concurso-publico-para-preencher-201-vagas\/12210","title":{"rendered":"CESP abre concurso p\u00fablico para preencher 201 vagas"},"content":{"rendered":"<p><strong>Concurso P\u00fablico CESP<\/strong> &#8211; O per\u00edodo de <strong>inscri\u00e7\u00e3o<\/strong> vai de 4 a 23 de outubro. A prova objetiva ser\u00e1 realizada em 29 de novembro nos munic\u00edpios de S\u00e3o Paulo, S\u00e3o Jos\u00e9 dos Campos e Ilha Solteira (SP). O gabarito deve ser publicado dia 1\u00ba de dezembro. A publica\u00e7\u00e3o dos resultados ocorre dia 9 de janeiro de 2010. O edital referente ao concurso p\u00fablico est\u00e1 dispon\u00edvel para consulta no site\u00a0<a href=\"http:\/\/www.vunesp.com.br\" target=\"_blank\">www.vunesp.com.br<\/a>\u00a0. \u00a0A CESP oferece, com custo compartilhado com o empregado, os seguintes benef\u00edcios: Assist\u00eancia M\u00e9dica (Plano extensivo aos dependentes) Vale Alimenta\u00e7\u00e3o e Suplementa\u00e7\u00e3o de Aposentadoria (Previd\u00eancia Privada).<\/p>\n<p>Ficam reservados 5% (cinco por cento) do total de vagas por fun\u00e7\u00e3o, para\u00a0candidatos com defici\u00eancia, nos termos da Lei Complementar n\u00b0 683, de 18 de\u00a0setembro de 1992.<\/p>\n<p>As 201 vagas s\u00e3o para preencher os cargos de Auxiliar de Recursos Humanos, Eletricista, Mec\u00e2nico, Secret\u00e1ria, T\u00e9cnico de Administra\u00e7\u00e3o, T\u00e9cnico de Comunica\u00e7\u00e3o, T\u00e9cnico de Inform\u00e1tica, T\u00e9cnico de Meio Ambiente, T\u00e9cnico de Obras, T\u00e9cnico de Recursos Humanos, T\u00e9cnico de Suprimentos, T\u00e9cnico Econ\u00f4mico Financeiro, T\u00e9cnico em Contabilidade, T\u00e9cnico de Eletricidade, T\u00e9cnico de Eletr\u00f4nica, T\u00e9cnico de Mec\u00e2nica, T\u00e9cnico de Seguran\u00e7a do Trabalho, Operador de Subesta\u00e7\u00e3o e Usina, Advogado, Advogado Especialista, Analista de Administra\u00e7\u00e3o, Analista de Comunica\u00e7\u00e3o, Analista de Inform\u00e1tica, Analista de Meio Ambiente, Analista de Recursos Humanos, Analista de Suprimentos, Analista Econ\u00f4mico Financeiro, Auditor, Enfermeiro do Trabalho, Engenheiro, Engenheiro de Seguran\u00e7a do Trabalho, Engenheiro Especialista, Especialista Econ\u00f4mico Financeiro, Especialista de Suprimentos e M\u00e9dico do Trabalho.<\/p>\n<p>D\u00favidas referentes ao concurso p\u00fablico devem ser esclarecidas diretamente com a Vunesp por meio do site <a href=\"http:\/\/www.vunesp.com.br\" target=\"_blank\">www.vunesp.com.br<\/a> ou do Disque Vunesp, 11- 3874.6300.<\/p>\n","protected":false},"excerpt":{"rendered":"<p>Concurso P\u00fablico CESP &#8211; O per\u00edodo de inscri\u00e7\u00e3o vai de 4 a 23 de outubro. A prova objetiva ser\u00e1 realizada em 29 de novembro nos munic\u00edpios de S\u00e3o Paulo, S\u00e3o Jos\u00e9 dos Campos e Ilha Solteira (SP). O gabarito deve ser publicado dia 1\u00ba de dezembro. A publica\u00e7\u00e3o dos resultados ocorre dia 9 de janeiro [&hellip;]<\/p>\n","protected":false},"author":3,"featured_media":0,"comment_status":"open","ping_status":"open","sticky":false,"template":"","format":"standard","meta":{"_genesis_hide_title":false,"_genesis_hide_breadcrumbs":false,"_genesis_hide_singular_image":false,"_genesis_hide_footer_widgets":false,"_genesis_custom_body_class":"","_genesis_custom_post_class":"","_genesis_layout":"","_jetpack_memberships_contains_paid_content":false,"footnotes":""},"categories":[22,352],"tags":[],"class_list":{"0":"post-12210","1":"post","2":"type-post","3":"status-publish","4":"format-standard","6":"category-brasil","7":"category-concursos","8":"entry","9":"gs-1","10":"gs-odd","11":"gs-even","12":"gs-featured-content-entry"},"jetpack_featured_media_url":"","jetpack_sharing_enabled":true,"jetpack_likes_enabled":true,"_links":{"self":[{"href":"https:\/\/www.redenoticia.com.br\/noticia\/wp-json\/wp\/v2\/posts\/12210","targetHints":{"allow":["GET"]}}],"collection":[{"href":"https:\/\/www.redenoticia.com.br\/noticia\/wp-json\/wp\/v2\/posts"}],"about":[{"href":"https:\/\/www.redenoticia.com.br\/noticia\/wp-json\/wp\/v2\/types\/post"}],"author":[{"embeddable":true,"href":"https:\/\/www.redenoticia.com.br\/noticia\/wp-json\/wp\/v2\/users\/3"}],"replies":[{"embeddable":true,"href":"https:\/\/www.redenoticia.com.br\/noticia\/wp-json\/wp\/v2\/comments?post=12210"}],"version-history":[{"count":0,"href":"https:\/\/www.redenoticia.com.br\/noticia\/wp-json\/wp\/v2\/posts\/12210\/revisions"}],"wp:attachment":[{"href":"https:\/\/www.redenoticia.com.br\/noticia\/wp-json\/wp\/v2\/media?parent=12210"}],"wp:term":[{"taxonomy":"category","embeddable":true,"href":"https:\/\/www.redenoticia.com.br\/noticia\/wp-json\/wp\/v2\/categories?post=12210"},{"taxonomy":"post_tag","embeddable":true,"href":"https:\/\/www.redenoticia.com.br\/noticia\/wp-json\/wp\/v2\/tags?post=12210"}],"curies":[{"name":"wp","href":"https:\/\/api.w.org\/{rel}","templated":true}]}}