{"id":1213,"date":"2009-05-05T17:22:26","date_gmt":"2009-05-05T21:22:26","guid":{"rendered":"http:\/\/www.redenoticia.com.br\/noticia\/?p=1213"},"modified":"2009-05-05T17:22:26","modified_gmt":"2009-05-05T21:22:26","slug":"ministerio-publico-quer-suspensao-de-licenca-ambiental-para-hidreletrica-no-rio-madeira","status":"publish","type":"post","link":"https:\/\/www.redenoticia.com.br\/noticia\/2009\/ministerio-publico-quer-suspensao-de-licenca-ambiental-para-hidreletrica-no-rio-madeira\/1213","title":{"rendered":"Minist\u00e9rio P\u00fablico quer suspens\u00e3o de licen\u00e7a ambiental para hidrel\u00e9trica no Rio Madeira"},"content":{"rendered":"<p class=\"MsoNormal\" style=\"margin-bottom: 12pt;\"><strong><\/strong><span style=\"font-family: Arial;\">O Minist\u00e9rio P\u00fablico Federal e o Minist\u00e9rio P\u00fablico Estadual de Rond\u00f4nia enviaram uma recomenda\u00e7\u00e3o ao Instituto Brasileiro do Meio Ambiente e Recursos Naturais Renov\u00e1veis (Ibama) para que suspendam a licen\u00e7a de instala\u00e7\u00e3o que autorizou o cons\u00f3rcio Enersus a construir o canteiro de obras para a constru\u00e7\u00e3o da Hidrel\u00e9trica de Jirau, no Rio Madeira, em Rond\u00f4nia. <\/span><\/p>\n<p class=\"MsoNormal\" style=\"line-height: 12.75pt;\"><span style=\"font-family: Arial; color: black;\">Na avalia\u00e7\u00e3o dos dois \u00f3rg\u00e3os, a licen\u00e7a deve ser suspensa porque \u201chouve mudan\u00e7a do local de constru\u00e7\u00e3o de duas ensecadeiras [<em>barragens provis\u00f3rias<\/em>] da futura hidrel\u00e9trica\u201d e porque \u201co cons\u00f3rcio desmatou essas \u00e1reas sem autoriza\u00e7\u00e3o do Ibama\u201d, informa nota conjunta dos dois minist\u00e9rios p\u00fablicos, enviada ontem ao Ibama.<\/span><\/p>\n<p class=\"MsoNormal\" style=\"line-height: 12.75pt;\"><span style=\"font-family: Arial; color: black;\">A constru\u00e7\u00e3o da hidrel\u00e9trica j\u00e1 \u00e9 objeto de uma a\u00e7\u00e3o civil p\u00fablica dos dois minist\u00e9rios p\u00fablicos contra o cons\u00f3rcio Enersus. A a\u00e7\u00e3o, que tramita na Justi\u00e7a Federal, questiona a sustentabilidade ambiental, o impacto social e a legalidade contratual da altera\u00e7\u00e3o do eixo do barramento.<\/span><\/p>\n<p class=\"MsoNormal\" style=\"line-height: 12.75pt;\"><span style=\"font-family: Arial; color: black;\">De acordo com a assessoria de imprensa do Ibama em Bras\u00edlia, a recomenda\u00e7\u00e3o ainda n\u00e3o foi protocolada na autarquia.<\/span><\/p>\n<p class=\"MsoNormal\" style=\"margin-bottom: 12pt;\"><span style=\"font-family: Arial;\">Gilberto Costa<br \/>\n<em>Rep\u00f3rter da Ag\u00eancia Brasil<\/em> <\/span><\/p>\n","protected":false},"excerpt":{"rendered":"<p>O Minist\u00e9rio P\u00fablico Federal e o Minist\u00e9rio P\u00fablico Estadual de Rond\u00f4nia enviaram uma recomenda\u00e7\u00e3o ao Instituto Brasileiro do Meio Ambiente e Recursos Naturais Renov\u00e1veis (Ibama) para que suspendam a licen\u00e7a de instala\u00e7\u00e3o que autorizou o cons\u00f3rcio Enersus a construir o canteiro de obras para a constru\u00e7\u00e3o da Hidrel\u00e9trica de Jirau, no Rio Madeira, em Rond\u00f4nia. [&hellip;]<\/p>\n","protected":false},"author":3,"featured_media":0,"comment_status":"open","ping_status":"open","sticky":false,"template":"","format":"standard","meta":{"_genesis_hide_title":false,"_genesis_hide_breadcrumbs":false,"_genesis_hide_singular_image":false,"_genesis_hide_footer_widgets":false,"_genesis_custom_body_class":"","_genesis_custom_post_class":"","_genesis_layout":"","_jetpack_memberships_contains_paid_content":false,"footnotes":""},"categories":[22],"tags":[],"class_list":{"0":"post-1213","1":"post","2":"type-post","3":"status-publish","4":"format-standard","6":"category-brasil","7":"entry","8":"gs-1","9":"gs-odd","10":"gs-even","11":"gs-featured-content-entry"},"jetpack_featured_media_url":"","jetpack_sharing_enabled":true,"jetpack_likes_enabled":true,"_links":{"self":[{"href":"https:\/\/www.redenoticia.com.br\/noticia\/wp-json\/wp\/v2\/posts\/1213","targetHints":{"allow":["GET"]}}],"collection":[{"href":"https:\/\/www.redenoticia.com.br\/noticia\/wp-json\/wp\/v2\/posts"}],"about":[{"href":"https:\/\/www.redenoticia.com.br\/noticia\/wp-json\/wp\/v2\/types\/post"}],"author":[{"embeddable":true,"href":"https:\/\/www.redenoticia.com.br\/noticia\/wp-json\/wp\/v2\/users\/3"}],"replies":[{"embeddable":true,"href":"https:\/\/www.redenoticia.com.br\/noticia\/wp-json\/wp\/v2\/comments?post=1213"}],"version-history":[{"count":0,"href":"https:\/\/www.redenoticia.com.br\/noticia\/wp-json\/wp\/v2\/posts\/1213\/revisions"}],"wp:attachment":[{"href":"https:\/\/www.redenoticia.com.br\/noticia\/wp-json\/wp\/v2\/media?parent=1213"}],"wp:term":[{"taxonomy":"category","embeddable":true,"href":"https:\/\/www.redenoticia.com.br\/noticia\/wp-json\/wp\/v2\/categories?post=1213"},{"taxonomy":"post_tag","embeddable":true,"href":"https:\/\/www.redenoticia.com.br\/noticia\/wp-json\/wp\/v2\/tags?post=1213"}],"curies":[{"name":"wp","href":"https:\/\/api.w.org\/{rel}","templated":true}]}}