{"id":12101,"date":"2009-09-17T14:53:53","date_gmt":"2009-09-17T18:53:53","guid":{"rendered":"http:\/\/www.redenoticia.com.br\/noticia\/?p=12101"},"modified":"2009-09-17T14:53:53","modified_gmt":"2009-09-17T18:53:53","slug":"serra-considera-crescimento-mediocre-do-brasil-durante-congresso-de-economia","status":"publish","type":"post","link":"https:\/\/www.redenoticia.com.br\/noticia\/2009\/serra-considera-crescimento-mediocre-do-brasil-durante-congresso-de-economia\/12101","title":{"rendered":"Serra considera &#8220;crescimento med\u00edocre&#8221; do Brasil, durante congresso de economia"},"content":{"rendered":"<p>Falando para uma plateia de cerca de mil economistas, Serra, lembrou que pa\u00edses do BRIC como China e India se prepararam e est\u00e3o se preparando para crescer a n\u00edveis bem superiores ao Brasil. &#8220;Perdemos uma grande oportunidade de baixar a taxa de juros com a crise econ\u00f4mica mundial&#8221;, destacou o governador, acrescentando que n\u00e3o h\u00e1 planejamento para o crescimento. &#8220;Em nosso pa\u00eds falar em pol\u00edtica econ\u00f4mica e desenvolvimento chega a ser subversivo&#8221;, acrescentou.<\/p>\n<p>Tamb\u00e9m falaram na abertura do Congresso, o presidente do Conselho Regional de Economia de S\u00e3o Paulo, CORECON-SP. Antonio Luiz de Queiroz Silva e a vice-prefeita de S\u00e3o Paulo, Alda Marco Antonio. Fizeram parte da mesa o presidente da Ordem dos Economistas do Brasil, Francisco Coelho e o presidente do Sindicato dos Economistas de S\u00e3o Paulo, Jos\u00e9 Roberto Cunha, entre outros convidados.<\/p>\n<p>&#8220;Pires na m\u00e3o&#8221;<\/p>\n<p>O presidente do Conselho Regional de Economia, CORECON-SP, professor Antonio Luiz de Queiroz Silva, disse na abertura do Congresso Brasileiro de Economia que os economistas t\u00eam capacidade para ajudar o Brasil a crescer e precisam ser melhor aproveitados, inclusive nas prefeituras e c\u00e2maras municipais no interior. No interior de S\u00e3o Paulo, por exemplo &#8220;est\u00e3o atualmente as grandes oportunidades de investimentos e de empreendimentos&#8221;.<\/p>\n<p>Os economistas t\u00eam ajudado prefeituras a captar as verbas federais e a economizar recursos. &#8220;Arrisco a afirmar que se as Prefeituras e C\u00e2maras contassem com servi\u00e7os de economistas, seria o fim do tradicional pires na m\u00e3o atr\u00e1s de verbas&#8221;, garantiu o especialista.<\/p>\n<p>O prefeito ou o gestor p\u00fablico n\u00e3o precisa ser perito em economia, na avalia\u00e7\u00e3o do presidente do Corecon, para quem &#8220;o seu papel \u00e9 o de representa\u00e7\u00e3o e gest\u00e3o do munic\u00edpio. Ele precisa estar ancorado em economistas&#8221;. O Conselho tem um projeto intitulado &#8220;Economistas na Prefeitura&#8221;. O profissional &#8220;\u00e9 antes de tudo um pensador com a grande vantagem de operacionalizar seus pensamentos&#8221;, frisou.<\/p>\n<p>&#8220;Crescimento p\u00edfio&#8221;<\/p>\n<p>O presidente do Conselho Federal de Economia, Cofecon, Pepeu Garcia, fez coro ao governador do estado de S\u00e3o Paulo em sua an\u00e1lise sobre o crescimento econ\u00f4mico. Comentou que a inclus\u00e3o dos mais carentes na economia ainda n\u00e3o aconteceu no Brasil &#8220;devido ao seu crescimento p\u00edfio&#8221;. Garcia lembrou que os economistas s\u00e3o cientistas sociais que trabalham pela inclus\u00e3o da sociedade como um todo na economia do pa\u00eds.<\/p>\n","protected":false},"excerpt":{"rendered":"<p>Falando para uma plateia de cerca de mil economistas, Serra, lembrou que pa\u00edses do BRIC como China e India se prepararam e est\u00e3o se preparando para crescer a n\u00edveis bem superiores ao Brasil. &#8220;Perdemos uma grande oportunidade de baixar a taxa de juros com a crise econ\u00f4mica mundial&#8221;, destacou o governador, acrescentando que n\u00e3o h\u00e1 [&hellip;]<\/p>\n","protected":false},"author":3,"featured_media":0,"comment_status":"open","ping_status":"open","sticky":false,"template":"","format":"standard","meta":{"_genesis_hide_title":false,"_genesis_hide_breadcrumbs":false,"_genesis_hide_singular_image":false,"_genesis_hide_footer_widgets":false,"_genesis_custom_body_class":"","_genesis_custom_post_class":"","_genesis_layout":"","_jetpack_memberships_contains_paid_content":false,"footnotes":""},"categories":[22,7],"tags":[],"class_list":{"0":"post-12101","1":"post","2":"type-post","3":"status-publish","4":"format-standard","6":"category-brasil","7":"category-economia","8":"entry","9":"gs-1","10":"gs-odd","11":"gs-even","12":"gs-featured-content-entry"},"jetpack_featured_media_url":"","jetpack_sharing_enabled":true,"jetpack_likes_enabled":true,"_links":{"self":[{"href":"https:\/\/www.redenoticia.com.br\/noticia\/wp-json\/wp\/v2\/posts\/12101","targetHints":{"allow":["GET"]}}],"collection":[{"href":"https:\/\/www.redenoticia.com.br\/noticia\/wp-json\/wp\/v2\/posts"}],"about":[{"href":"https:\/\/www.redenoticia.com.br\/noticia\/wp-json\/wp\/v2\/types\/post"}],"author":[{"embeddable":true,"href":"https:\/\/www.redenoticia.com.br\/noticia\/wp-json\/wp\/v2\/users\/3"}],"replies":[{"embeddable":true,"href":"https:\/\/www.redenoticia.com.br\/noticia\/wp-json\/wp\/v2\/comments?post=12101"}],"version-history":[{"count":0,"href":"https:\/\/www.redenoticia.com.br\/noticia\/wp-json\/wp\/v2\/posts\/12101\/revisions"}],"wp:attachment":[{"href":"https:\/\/www.redenoticia.com.br\/noticia\/wp-json\/wp\/v2\/media?parent=12101"}],"wp:term":[{"taxonomy":"category","embeddable":true,"href":"https:\/\/www.redenoticia.com.br\/noticia\/wp-json\/wp\/v2\/categories?post=12101"},{"taxonomy":"post_tag","embeddable":true,"href":"https:\/\/www.redenoticia.com.br\/noticia\/wp-json\/wp\/v2\/tags?post=12101"}],"curies":[{"name":"wp","href":"https:\/\/api.w.org\/{rel}","templated":true}]}}