{"id":12067,"date":"2009-09-17T12:20:26","date_gmt":"2009-09-17T16:20:26","guid":{"rendered":"http:\/\/www.redenoticia.com.br\/noticia\/?p=12067"},"modified":"2009-09-17T12:20:26","modified_gmt":"2009-09-17T16:20:26","slug":"lojas-renner-abre-vagas-e-oportunidades-em-sao-paulo","status":"publish","type":"post","link":"https:\/\/www.redenoticia.com.br\/noticia\/2009\/lojas-renner-abre-vagas-e-oportunidades-em-sao-paulo\/12067","title":{"rendered":"Lojas Renner abre vagas e oportunidades em S\u00e3o Paulo"},"content":{"rendered":"<p>A <strong>Lojas Renner<\/strong>, segunda maior rede de lojas de departamentos de vestu\u00e1rio no Brasil, abre <strong>vagas<\/strong> para 27 unidades na capital paulista e regi\u00e3o metropolitana do Estado. A nova unidade da Renner no Shopping Uni\u00e3o, de Osasco, que tem previs\u00e3o de abertura em outubro de 2009 tamb\u00e9m est\u00e1 com vagas abertas. \u00a0Os cargos dispon\u00edveis s\u00e3o para assistente de vendas, operador de caixa, fiscal de loja, assistente de cr\u00e9dito e cobran\u00e7a, auxiliar de loja, auxiliar de estoque, auxiliar de expedi\u00e7\u00e3o e assistente de produtos financeiros.\u00a0<\/p>\n<p>Os interessados devem ter idade m\u00ednima de 18 anos, al\u00e9m de qualidades essenciais para atendimento ao p\u00fablico como bom relacionamento interpessoal, boa comunica\u00e7\u00e3o, capacidade de trabalho em equipe e identifica\u00e7\u00e3o com o com\u00e9rcio.<\/p>\n<p>Para fiscal de loja, auxiliar de expedi\u00e7\u00e3o e auxiliar de estoque \u00e9 necess\u00e1rio ter 1\u00ba grau completo. Para os demais cargos \u00e9 necess\u00e1rio ter 2\u00ba grau completo. O processo seletivo envolve an\u00e1lise de curr\u00edculo, entrevistas em grupo, testes e entrevistas individuais. Portadores de necessidades especiais s\u00e3o bem-vindos ao processo.<\/p>\n<p>Os interessados devem comparecer \u00e0s lojas da Renner mais pr\u00f3ximas, dia 22 de setembro, entre 10h e 18h, portando curr\u00edculo, RG, CPF e carteira de trabalho.<\/p>\n","protected":false},"excerpt":{"rendered":"<p>A Lojas Renner, segunda maior rede de lojas de departamentos de vestu\u00e1rio no Brasil, abre vagas para 27 unidades na capital paulista e regi\u00e3o metropolitana do Estado. A nova unidade da Renner no Shopping Uni\u00e3o, de Osasco, que tem previs\u00e3o de abertura em outubro de 2009 tamb\u00e9m est\u00e1 com vagas abertas. \u00a0Os cargos dispon\u00edveis s\u00e3o [&hellip;]<\/p>\n","protected":false},"author":3,"featured_media":0,"comment_status":"open","ping_status":"open","sticky":false,"template":"","format":"standard","meta":{"_genesis_hide_title":false,"_genesis_hide_breadcrumbs":false,"_genesis_hide_singular_image":false,"_genesis_hide_footer_widgets":false,"_genesis_custom_body_class":"","_genesis_custom_post_class":"","_genesis_layout":"","_jetpack_memberships_contains_paid_content":false,"footnotes":""},"categories":[22,353],"tags":[],"class_list":{"0":"post-12067","1":"post","2":"type-post","3":"status-publish","4":"format-standard","6":"category-brasil","7":"category-oportunidades","8":"entry","9":"gs-1","10":"gs-odd","11":"gs-even","12":"gs-featured-content-entry"},"jetpack_featured_media_url":"","jetpack_sharing_enabled":true,"jetpack_likes_enabled":true,"_links":{"self":[{"href":"https:\/\/www.redenoticia.com.br\/noticia\/wp-json\/wp\/v2\/posts\/12067","targetHints":{"allow":["GET"]}}],"collection":[{"href":"https:\/\/www.redenoticia.com.br\/noticia\/wp-json\/wp\/v2\/posts"}],"about":[{"href":"https:\/\/www.redenoticia.com.br\/noticia\/wp-json\/wp\/v2\/types\/post"}],"author":[{"embeddable":true,"href":"https:\/\/www.redenoticia.com.br\/noticia\/wp-json\/wp\/v2\/users\/3"}],"replies":[{"embeddable":true,"href":"https:\/\/www.redenoticia.com.br\/noticia\/wp-json\/wp\/v2\/comments?post=12067"}],"version-history":[{"count":0,"href":"https:\/\/www.redenoticia.com.br\/noticia\/wp-json\/wp\/v2\/posts\/12067\/revisions"}],"wp:attachment":[{"href":"https:\/\/www.redenoticia.com.br\/noticia\/wp-json\/wp\/v2\/media?parent=12067"}],"wp:term":[{"taxonomy":"category","embeddable":true,"href":"https:\/\/www.redenoticia.com.br\/noticia\/wp-json\/wp\/v2\/categories?post=12067"},{"taxonomy":"post_tag","embeddable":true,"href":"https:\/\/www.redenoticia.com.br\/noticia\/wp-json\/wp\/v2\/tags?post=12067"}],"curies":[{"name":"wp","href":"https:\/\/api.w.org\/{rel}","templated":true}]}}