{"id":120472,"date":"2017-09-05T00:09:24","date_gmt":"2017-09-05T03:09:24","guid":{"rendered":"https:\/\/www.redenoticia.com.br\/noticia\/?p=120472"},"modified":"2017-09-04T16:38:24","modified_gmt":"2017-09-04T19:38:24","slug":"ipc-s-cai-no-fim-de-agosto-nas-sete-capitais-pesquisadas-pela-fgv","status":"publish","type":"post","link":"https:\/\/www.redenoticia.com.br\/noticia\/2017\/ipc-s-cai-no-fim-de-agosto-nas-sete-capitais-pesquisadas-pela-fgv\/120472","title":{"rendered":"IPC-S cai no fim de agosto nas sete capitais pesquisadas pela FGV"},"content":{"rendered":"<p> O <strong><em>\u00cdndice de Pre\u00e7os ao Consumidor Semanal<\/em><\/strong> (IPC-S) caiu nas sete capitais pesquisadas pela Funda\u00e7\u00e3o Getulio Vargas (FGV) entre a terceira e a \u00faltima semana de agosto. Duas das cidades registraram defla\u00e7\u00e3o (queda de pre\u00e7os): Salvador e Recife.<\/p>\n<p>A maior queda foi observada em Salvador (-0,28 ponto percentual, ao recuar de -0,01% para -0,29%). Em Recife, a taxa caiu 0,16 ponto percentual, ao recuar de -0,10% para -026%.<\/p>\n<p>As demais cidades registraram as seguintes quedas: Porto Alegre (-0,21 ponto percentual, ao recuar de 0,57% para 0,36%), S\u00e3o Paulo (-0,20 ponto percentual, ao recuar de 0,38% para 0,18%), Rio de Janeiro (-0,19 ponto percentual, ao cair de 0,30% para 0,11%), Bras\u00edlia (-0,11 ponto percentual, ao recuar de 0,48% para 0,37%) e Belo Horizonte (-0,10 ponto percentual, ao cair de 0,34% para 0,24%).<\/p>\n<p>Vitor Abdala \u2013 Rep\u00f3rter da Ag\u00eancia Brasil<br \/>\nEdi\u00e7\u00e3o: Gra\u00e7a Adjuto<br \/>\n05\/09\/2017<\/p>\n<p>&#8212;<br \/>\nA Empresa Brasil de Comunica\u00e7\u00e3o (EBC) \u00e9 uma empresa p\u00fablica federal, criada pela Lei no 11.652\/2008 e alterada pela Lei no 13.417\/2017, que d\u00e1 efetividade ao princ\u00edpio constitucional de complementaridade entre o sistema p\u00fablico, privado e estatal de comunica\u00e7\u00e3o.<\/p>\n","protected":false},"excerpt":{"rendered":"<p>O \u00cdndice de Pre\u00e7os ao Consumidor Semanal (IPC-S) caiu nas sete capitais pesquisadas pela Funda\u00e7\u00e3o Getulio Vargas (FGV) entre a terceira e a \u00faltima semana de agosto. Duas das cidades registraram defla\u00e7\u00e3o (queda de pre\u00e7os): Salvador e Recife. A maior queda foi observada em Salvador (-0,28 ponto percentual, ao recuar de -0,01% para -0,29%). Em [&hellip;]<\/p>\n","protected":false},"author":2,"featured_media":38938,"comment_status":"open","ping_status":"closed","sticky":false,"template":"","format":"standard","meta":{"_genesis_hide_title":false,"_genesis_hide_breadcrumbs":false,"_genesis_hide_singular_image":false,"_genesis_hide_footer_widgets":false,"_genesis_custom_body_class":"","_genesis_custom_post_class":"","_genesis_layout":"","_jetpack_memberships_contains_paid_content":false,"footnotes":""},"categories":[22,7],"tags":[],"class_list":{"0":"post-120472","1":"post","2":"type-post","3":"status-publish","4":"format-standard","5":"has-post-thumbnail","7":"category-brasil","8":"category-economia","9":"entry","10":"gs-1","11":"gs-odd","12":"gs-even","13":"gs-featured-content-entry"},"jetpack_featured_media_url":"https:\/\/www.redenoticia.com.br\/noticia\/imagens\/economia1.jpg","jetpack_sharing_enabled":true,"jetpack_likes_enabled":true,"_links":{"self":[{"href":"https:\/\/www.redenoticia.com.br\/noticia\/wp-json\/wp\/v2\/posts\/120472","targetHints":{"allow":["GET"]}}],"collection":[{"href":"https:\/\/www.redenoticia.com.br\/noticia\/wp-json\/wp\/v2\/posts"}],"about":[{"href":"https:\/\/www.redenoticia.com.br\/noticia\/wp-json\/wp\/v2\/types\/post"}],"author":[{"embeddable":true,"href":"https:\/\/www.redenoticia.com.br\/noticia\/wp-json\/wp\/v2\/users\/2"}],"replies":[{"embeddable":true,"href":"https:\/\/www.redenoticia.com.br\/noticia\/wp-json\/wp\/v2\/comments?post=120472"}],"version-history":[{"count":0,"href":"https:\/\/www.redenoticia.com.br\/noticia\/wp-json\/wp\/v2\/posts\/120472\/revisions"}],"wp:featuredmedia":[{"embeddable":true,"href":"https:\/\/www.redenoticia.com.br\/noticia\/wp-json\/wp\/v2\/media\/38938"}],"wp:attachment":[{"href":"https:\/\/www.redenoticia.com.br\/noticia\/wp-json\/wp\/v2\/media?parent=120472"}],"wp:term":[{"taxonomy":"category","embeddable":true,"href":"https:\/\/www.redenoticia.com.br\/noticia\/wp-json\/wp\/v2\/categories?post=120472"},{"taxonomy":"post_tag","embeddable":true,"href":"https:\/\/www.redenoticia.com.br\/noticia\/wp-json\/wp\/v2\/tags?post=120472"}],"curies":[{"name":"wp","href":"https:\/\/api.w.org\/{rel}","templated":true}]}}