{"id":11904,"date":"2009-09-16T00:40:12","date_gmt":"2009-09-16T04:40:12","guid":{"rendered":"http:\/\/www.redenoticia.com.br\/noticia\/?p=11904"},"modified":"2009-09-16T00:40:12","modified_gmt":"2009-09-16T04:40:12","slug":"geleia-do-rock-multishow-mostra-primeira-eliminacao","status":"publish","type":"post","link":"https:\/\/www.redenoticia.com.br\/noticia\/2009\/geleia-do-rock-multishow-mostra-primeira-eliminacao\/11904","title":{"rendered":"Gel\u00e9ia do Rock multishow mostra primeira elimina\u00e7\u00e3o"},"content":{"rendered":"<p><strong><a href=\"https:\/\/www.redenoticia.com.br\/noticia\/imagens\/\/geleia.jpg\"><img loading=\"lazy\" decoding=\"async\" class=\"alignleft size-medium wp-image-11905\" title=\"geleia\" src=\"https:\/\/www.redenoticia.com.br\/noticia\/imagens\/\/geleia-249x187.jpg\" alt=\"geleia\" width=\"249\" height=\"187\" srcset=\"https:\/\/www.redenoticia.com.br\/noticia\/imagens\/geleia-249x187.jpg 249w, https:\/\/www.redenoticia.com.br\/noticia\/imagens\/geleia-250x187.jpg 250w, https:\/\/www.redenoticia.com.br\/noticia\/imagens\/geleia.jpg 400w, https:\/\/www.redenoticia.com.br\/noticia\/imagens\/geleia-150x113.jpg 150w, https:\/\/www.redenoticia.com.br\/noticia\/imagens\/geleia-265x198.jpg 265w, https:\/\/www.redenoticia.com.br\/noticia\/imagens\/geleia-149x112.jpg 149w\" sizes=\"auto, (max-width: 249px) 100vw, 249px\" \/><\/a>Gel\u00e9ia do Rock<\/strong> \u00a0&#8211; nesta ter\u00e7a-feira (15\/09) o multishow mostrou o segundo cap\u00edtulo, onde a concorrente Paula Hering foi a primeira eliminada do reality show Geleia do Rock. A prova foi apresentar uma vers\u00e3o da m\u00fasica &#8220;Pro Dia Nascer Feliz&#8221;, cl\u00e1ssico do Bar\u00e3o Vermelho, para os jurados do Gel\u00e9ia do Rock e para o convidado Frejat. <strong>Paula Hering<\/strong>, estudante de moda paulista, apesar de cantar desde pequena e ter uma m\u00e3e professora de m\u00fasica, n\u00e3o segurou a onda e foi a primeira a pendurar a guitarra.<\/p>\n<p>A prova era fazer arranjos novos para m\u00fasicas do Bar\u00e3o Vermelho, e ela era a vocalista da banda que foi considerada a pior nas apresenta\u00e7\u00f5es. A can\u00e7\u00e3o que eles trabalharam foi &#8220;Pro Dia Nascer Feliz&#8221;, eternizada na voz do Cazuza. A mo\u00e7a tem talento, mas afirma que nunca teve uma experi\u00eancia em palcos ou est\u00fadios, o que pode ter jogado contra. Contudo, apesar do clim\u00e3o de elimina\u00e7\u00e3o, a galera conseguiu curtir e anotar as dicas da visita de Roberto Frejat.<\/p>\n<p>A vida continua e j\u00e1 deu pra ver que o Geleia do Rock n\u00e3o \u00e9 s\u00f3 divers\u00e3o. Os participantes ser\u00e3o testados cada vez mais e quem n\u00e3o mostrar todo o potencial vai rodar.<\/p>\n<p>Perfil da participante eliminada:<\/p>\n<p>Nome: Paula Hering Battistella<br \/>\nOcupa\u00e7\u00e3o: Estudante de moda<br \/>\nSigno: Le\u00e3o<br \/>\nQualidade: Amig\u00e1vel<br \/>\nDefeito: N\u00e3o sei quando parar com as piadas<br \/>\nUma loucura: Dar risada do nada<br \/>\nUm cantor: Devendra Banhart<br \/>\nUma cantora: Amy Winehouse<br \/>\nUma banda: Velvet Underground<br \/>\nM\u00fasica da sua vida: Candy says &#8211; Velvet Underground<br \/>\nPrato preferido: Amendoim japon\u00eas e cerveja!<br \/>\nFilme preferido: Sex and the city &#8211; o filme<br \/>\nEsporte: Sedentarismo<br \/>\nSe eu fosse outro que n\u00e3o eu&#8230;: Edie Sedgwick &#8211; uma modelo junkie dos anos 60!<\/p>\n<p>Fonte Multishow \u2013 Gel\u00e9ia do Rock<\/p>\n","protected":false},"excerpt":{"rendered":"<p>Gel\u00e9ia do Rock \u00a0&#8211; nesta ter\u00e7a-feira (15\/09) o multishow mostrou o segundo cap\u00edtulo, onde a concorrente Paula Hering foi a primeira eliminada do reality show Geleia do Rock. A prova foi apresentar uma vers\u00e3o da m\u00fasica &#8220;Pro Dia Nascer Feliz&#8221;, cl\u00e1ssico do Bar\u00e3o Vermelho, para os jurados do Gel\u00e9ia do Rock e para o convidado [&hellip;]<\/p>\n","protected":false},"author":3,"featured_media":0,"comment_status":"open","ping_status":"open","sticky":false,"template":"","format":"standard","meta":{"_genesis_hide_title":false,"_genesis_hide_breadcrumbs":false,"_genesis_hide_singular_image":false,"_genesis_hide_footer_widgets":false,"_genesis_custom_body_class":"","_genesis_custom_post_class":"","_genesis_layout":"","_jetpack_memberships_contains_paid_content":false,"footnotes":""},"categories":[22,343],"tags":[],"class_list":{"0":"post-11904","1":"post","2":"type-post","3":"status-publish","4":"format-standard","6":"category-brasil","7":"category-televisao","8":"entry","9":"has-post-thumbnail","10":"gs-1","11":"gs-odd","12":"gs-even","13":"gs-featured-content-entry"},"jetpack_featured_media_url":"","jetpack_sharing_enabled":true,"jetpack_likes_enabled":true,"_links":{"self":[{"href":"https:\/\/www.redenoticia.com.br\/noticia\/wp-json\/wp\/v2\/posts\/11904","targetHints":{"allow":["GET"]}}],"collection":[{"href":"https:\/\/www.redenoticia.com.br\/noticia\/wp-json\/wp\/v2\/posts"}],"about":[{"href":"https:\/\/www.redenoticia.com.br\/noticia\/wp-json\/wp\/v2\/types\/post"}],"author":[{"embeddable":true,"href":"https:\/\/www.redenoticia.com.br\/noticia\/wp-json\/wp\/v2\/users\/3"}],"replies":[{"embeddable":true,"href":"https:\/\/www.redenoticia.com.br\/noticia\/wp-json\/wp\/v2\/comments?post=11904"}],"version-history":[{"count":0,"href":"https:\/\/www.redenoticia.com.br\/noticia\/wp-json\/wp\/v2\/posts\/11904\/revisions"}],"wp:attachment":[{"href":"https:\/\/www.redenoticia.com.br\/noticia\/wp-json\/wp\/v2\/media?parent=11904"}],"wp:term":[{"taxonomy":"category","embeddable":true,"href":"https:\/\/www.redenoticia.com.br\/noticia\/wp-json\/wp\/v2\/categories?post=11904"},{"taxonomy":"post_tag","embeddable":true,"href":"https:\/\/www.redenoticia.com.br\/noticia\/wp-json\/wp\/v2\/tags?post=11904"}],"curies":[{"name":"wp","href":"https:\/\/api.w.org\/{rel}","templated":true}]}}