{"id":11872,"date":"2009-09-15T14:03:48","date_gmt":"2009-09-15T18:03:48","guid":{"rendered":"http:\/\/www.redenoticia.com.br\/noticia\/?p=11872"},"modified":"2009-09-15T14:03:48","modified_gmt":"2009-09-15T18:03:48","slug":"comercio-sente-efeitos-da-gripe-influenza-a-h1n1","status":"publish","type":"post","link":"https:\/\/www.redenoticia.com.br\/noticia\/2009\/comercio-sente-efeitos-da-gripe-influenza-a-h1n1\/11872","title":{"rendered":"Com\u00e9rcio sente efeitos da gripe influenza A H1N1"},"content":{"rendered":"<p><strong>Gripe influenza A H1N1<\/strong> &#8211; O com\u00e9rcio paranaense registrou queda nas vendas em julho, nas tr\u00eas compara\u00e7\u00f5es &#8211; em rela\u00e7\u00e3o a julho do ano passado, na compara\u00e7\u00e3o com junho e no acumulado do ano. Na compara\u00e7\u00e3o com junho, a queda foi de 1,18%, enquanto que na compara\u00e7\u00e3o com julho do ano passado a redu\u00e7\u00e3o chegou a -2,95%. No acumulado do ano o com\u00e9rcio do Paran\u00e1 ainda n\u00e3o conseguiu sair do vermelho, com queda de -1,10%.<\/p>\n<p>Em Ponta Grossa, na compara\u00e7\u00e3o com julho do ano passado, a queda foi de -13,40%; em Londrina, alta de 3,25%; em Maring\u00e1, queda de -1,25% e na regi\u00e3o metropolitana de Curitiba, queda de -6,13%. Alta, ainda, na regi\u00e3o Oeste, com 5,51% e em Foz do Igua\u00e7u, com 0,25%.<\/p>\n<p>Alguns fatores contribu\u00edram para este resultado, mas entre os principais est\u00e1, sem d\u00favida, a gripe influenza A H1N1, que afastou o consumidor dos shoppings e das compras em geral. Outro fator importante foi o fato de que a redu\u00e7\u00e3o do IPI para a linha branca (geladeiras, lavadoras, tanquinhos, fog\u00f5es) e materiais de constru\u00e7\u00e3o, n\u00e3o foi suficiente para compensar a queda na venda de ve\u00edculos.<\/p>\n<p>A oferta de cr\u00e9dito no mercado varejista foi mantida. Destaque especial merece o bom desempenho dos indicadores conjunturais da economia no segundo trimestre do ano em rela\u00e7\u00e3o ao primeiro: queda nos juros, controle da infla\u00e7\u00e3o e aumento da produ\u00e7\u00e3o.<\/p>\n<p>Como resultado da gripe influenza A H1N1 foi registrado aumento na venda de produtos importantes na prote\u00e7\u00e3o, como \u00e1lcool gel, sabonete l\u00edquido, m\u00e1scaras, rem\u00e9dios, entre outros. A suspens\u00e3o das aulas em julho afetou a venda de combust\u00edveis e lubrificantes. Diminuiu a intensidade de ve\u00edculos no tr\u00e2nsito, o que fez cair tamb\u00e9m o n\u00famero de usu\u00e1rios do transporte coletivo urbano.<\/p>\n<p>Houve redu\u00e7\u00e3o do movimento e conseq\u00fcentemente do faturamento de pontos comerciais de grande aglomera\u00e7\u00e3o ou circula\u00e7\u00e3o de pessoas: restaurantes, bares, lanchonetes, casas de espet\u00e1culo, esportes coletivos, cinemas; redu\u00e7\u00e3o das refei\u00e7\u00f5es fora de casa (principalmente as noturnas) e maior utiliza\u00e7\u00e3o das lojas de v\u00eddeo, para aluguel de dvd&#8217;s, etc.<\/p>\n","protected":false},"excerpt":{"rendered":"<p>Gripe influenza A H1N1 &#8211; O com\u00e9rcio paranaense registrou queda nas vendas em julho, nas tr\u00eas compara\u00e7\u00f5es &#8211; em rela\u00e7\u00e3o a julho do ano passado, na compara\u00e7\u00e3o com junho e no acumulado do ano. Na compara\u00e7\u00e3o com junho, a queda foi de 1,18%, enquanto que na compara\u00e7\u00e3o com julho do ano passado a redu\u00e7\u00e3o chegou [&hellip;]<\/p>\n","protected":false},"author":3,"featured_media":0,"comment_status":"open","ping_status":"open","sticky":false,"template":"","format":"standard","meta":{"_genesis_hide_title":false,"_genesis_hide_breadcrumbs":false,"_genesis_hide_singular_image":false,"_genesis_hide_footer_widgets":false,"_genesis_custom_body_class":"","_genesis_custom_post_class":"","_genesis_layout":"","_jetpack_memberships_contains_paid_content":false,"footnotes":""},"categories":[22,7],"tags":[],"class_list":{"0":"post-11872","1":"post","2":"type-post","3":"status-publish","4":"format-standard","6":"category-brasil","7":"category-economia","8":"entry","9":"gs-1","10":"gs-odd","11":"gs-even","12":"gs-featured-content-entry"},"jetpack_featured_media_url":"","jetpack_sharing_enabled":true,"jetpack_likes_enabled":true,"_links":{"self":[{"href":"https:\/\/www.redenoticia.com.br\/noticia\/wp-json\/wp\/v2\/posts\/11872","targetHints":{"allow":["GET"]}}],"collection":[{"href":"https:\/\/www.redenoticia.com.br\/noticia\/wp-json\/wp\/v2\/posts"}],"about":[{"href":"https:\/\/www.redenoticia.com.br\/noticia\/wp-json\/wp\/v2\/types\/post"}],"author":[{"embeddable":true,"href":"https:\/\/www.redenoticia.com.br\/noticia\/wp-json\/wp\/v2\/users\/3"}],"replies":[{"embeddable":true,"href":"https:\/\/www.redenoticia.com.br\/noticia\/wp-json\/wp\/v2\/comments?post=11872"}],"version-history":[{"count":0,"href":"https:\/\/www.redenoticia.com.br\/noticia\/wp-json\/wp\/v2\/posts\/11872\/revisions"}],"wp:attachment":[{"href":"https:\/\/www.redenoticia.com.br\/noticia\/wp-json\/wp\/v2\/media?parent=11872"}],"wp:term":[{"taxonomy":"category","embeddable":true,"href":"https:\/\/www.redenoticia.com.br\/noticia\/wp-json\/wp\/v2\/categories?post=11872"},{"taxonomy":"post_tag","embeddable":true,"href":"https:\/\/www.redenoticia.com.br\/noticia\/wp-json\/wp\/v2\/tags?post=11872"}],"curies":[{"name":"wp","href":"https:\/\/api.w.org\/{rel}","templated":true}]}}