{"id":118188,"date":"2017-08-02T00:08:28","date_gmt":"2017-08-02T03:08:28","guid":{"rendered":"https:\/\/www.redenoticia.com.br\/noticia\/?p=118188"},"modified":"2017-08-01T16:23:49","modified_gmt":"2017-08-01T19:23:49","slug":"copom-sinaliza-que-pode-manter-ritmo-de-corte-na-taxa-selic","status":"publish","type":"post","link":"https:\/\/www.redenoticia.com.br\/noticia\/2017\/copom-sinaliza-que-pode-manter-ritmo-de-corte-na-taxa-selic\/118188","title":{"rendered":"Copom sinaliza que pode manter ritmo de corte na taxa Selic"},"content":{"rendered":"<p> O Comit\u00ea de Pol\u00edtica Monet\u00e1ria (Copom) do Banco Central (BC) sinalizou que vai manter o ritmo de <strong><em>corte na taxa b\u00e1sica de juros<\/em><\/strong>, a Selic. Na \u00faltima reuni\u00e3o, o comit\u00ea cortou a Selic em 1 ponto percentual para 9,25% ao ano.<\/p>\n<p>A informa\u00e7\u00e3o consta da ata da \u00faltima reuni\u00e3o do comit\u00ea, divulgada em Bras\u00edlia. Segundo o documento, a manuten\u00e7\u00e3o do ritmo de corte vai depender da continuidade do cen\u00e1rio econ\u00f4mico e de estimativas de extens\u00e3o do ciclo de redu\u00e7\u00e3o da Selic. \u201cDe forma geral, a magnitude da flexibiliza\u00e7\u00e3o continuar\u00e1 dependendo da evolu\u00e7\u00e3o da atividade econ\u00f4mica, do balan\u00e7o de riscos, de poss\u00edveis reavalia\u00e7\u00f5es da estimativa da extens\u00e3o do ciclo e das proje\u00e7\u00f5es e expectativas de infla\u00e7\u00e3o\u201d, disse.<\/p>\n<p>Na ata, a diretoria do BC informa que discutiu sobre a import\u00e2ncia de sinalizar os seus pr\u00f3ximos passos, mas reiterou a \u201cprefer\u00eancia por explicitar as condicionalidades sobre a evolu\u00e7\u00e3o da pol\u00edtica monet\u00e1ria, o que melhor transmite a racionalidade econ\u00f4mica que guia suas decis\u00f5es\u201d. \u201cIsso contribui para aumentar a transpar\u00eancia e melhorar a comunica\u00e7\u00e3o do Copom\u201d, acrescentou.<\/p>\n<p>Aumento de tributa\u00e7\u00e3o<\/p>\n<p>Na ata, os membros do Copom avaliaram os impactos sobre a infla\u00e7\u00e3o do aumento da al\u00edquota do Programa de Integra\u00e7\u00e3o Social (PIS) e da Contribui\u00e7\u00e3o para o Financiamento da Seguridade Social (Cofins) sobre os combust\u00edveis.<\/p>\n<p>A estimativa \u00e9 que a infla\u00e7\u00e3o vai aumentar em 0,45 ponto percentual em julho e agosto, com maior concentra\u00e7\u00e3o do efeito neste m\u00eas. \u201cParte desse impacto j\u00e1 estava contemplada nas proje\u00e7\u00f5es condicionais do Copom\u201d, acrescentou.<\/p>\n<p>O Copom tamb\u00e9m avaliou o efeito da mudan\u00e7a da bandeira tarif\u00e1ria de energia el\u00e9trica de verde para amarela sobre a infla\u00e7\u00e3o do m\u00eas de julho, cuja estimativa de impacto \u00e9 0,15 ponto percentual.<\/p>\n<p>\u201cTodos [os membros do Copom] conclu\u00edram que essas oscila\u00e7\u00f5es pontuais \u2013 em particular dos reajustes de pre\u00e7os de combust\u00edveis e de energia el\u00e9trica, que t\u00eam sido mais vol\u00e1teis \u2013 n\u00e3o t\u00eam implica\u00e7\u00e3o relevante para a condu\u00e7\u00e3o da pol\u00edtica monet\u00e1ria [defini\u00e7\u00e3o sobre a taxa Selic]\u201d, diz a ata.<\/p>\n<p>Kelly Oliveira &#8211; Rep\u00f3rter da Ag\u00eancia Brasil<br \/>\nEdi\u00e7\u00e3o: Kleber Sampaio<br \/>\n02\/08\/2017<\/p>\n","protected":false},"excerpt":{"rendered":"<p>O Comit\u00ea de Pol\u00edtica Monet\u00e1ria (Copom) do Banco Central (BC) sinalizou que vai manter o ritmo de corte na taxa b\u00e1sica de juros, a Selic. Na \u00faltima reuni\u00e3o, o comit\u00ea cortou a Selic em 1 ponto percentual para 9,25% ao ano. A informa\u00e7\u00e3o consta da ata da \u00faltima reuni\u00e3o do comit\u00ea, divulgada em Bras\u00edlia. Segundo [&hellip;]<\/p>\n","protected":false},"author":2,"featured_media":38938,"comment_status":"open","ping_status":"closed","sticky":false,"template":"","format":"standard","meta":{"_genesis_hide_title":false,"_genesis_hide_breadcrumbs":false,"_genesis_hide_singular_image":false,"_genesis_hide_footer_widgets":false,"_genesis_custom_body_class":"","_genesis_custom_post_class":"","_genesis_layout":"","_jetpack_memberships_contains_paid_content":false,"footnotes":""},"categories":[22,7],"tags":[],"class_list":{"0":"post-118188","1":"post","2":"type-post","3":"status-publish","4":"format-standard","5":"has-post-thumbnail","7":"category-brasil","8":"category-economia","9":"entry","10":"gs-1","11":"gs-odd","12":"gs-even","13":"gs-featured-content-entry"},"jetpack_featured_media_url":"https:\/\/www.redenoticia.com.br\/noticia\/imagens\/economia1.jpg","jetpack_sharing_enabled":true,"jetpack_likes_enabled":true,"_links":{"self":[{"href":"https:\/\/www.redenoticia.com.br\/noticia\/wp-json\/wp\/v2\/posts\/118188","targetHints":{"allow":["GET"]}}],"collection":[{"href":"https:\/\/www.redenoticia.com.br\/noticia\/wp-json\/wp\/v2\/posts"}],"about":[{"href":"https:\/\/www.redenoticia.com.br\/noticia\/wp-json\/wp\/v2\/types\/post"}],"author":[{"embeddable":true,"href":"https:\/\/www.redenoticia.com.br\/noticia\/wp-json\/wp\/v2\/users\/2"}],"replies":[{"embeddable":true,"href":"https:\/\/www.redenoticia.com.br\/noticia\/wp-json\/wp\/v2\/comments?post=118188"}],"version-history":[{"count":0,"href":"https:\/\/www.redenoticia.com.br\/noticia\/wp-json\/wp\/v2\/posts\/118188\/revisions"}],"wp:featuredmedia":[{"embeddable":true,"href":"https:\/\/www.redenoticia.com.br\/noticia\/wp-json\/wp\/v2\/media\/38938"}],"wp:attachment":[{"href":"https:\/\/www.redenoticia.com.br\/noticia\/wp-json\/wp\/v2\/media?parent=118188"}],"wp:term":[{"taxonomy":"category","embeddable":true,"href":"https:\/\/www.redenoticia.com.br\/noticia\/wp-json\/wp\/v2\/categories?post=118188"},{"taxonomy":"post_tag","embeddable":true,"href":"https:\/\/www.redenoticia.com.br\/noticia\/wp-json\/wp\/v2\/tags?post=118188"}],"curies":[{"name":"wp","href":"https:\/\/api.w.org\/{rel}","templated":true}]}}