{"id":117312,"date":"2017-07-19T00:09:25","date_gmt":"2017-07-19T03:09:25","guid":{"rendered":"https:\/\/www.redenoticia.com.br\/noticia\/?p=117312"},"modified":"2017-07-18T16:17:35","modified_gmt":"2017-07-18T19:17:35","slug":"receita-identifica-21-mil-brasileiros-com-imoveis-em-miami-nao-declarados","status":"publish","type":"post","link":"https:\/\/www.redenoticia.com.br\/noticia\/2017\/receita-identifica-21-mil-brasileiros-com-imoveis-em-miami-nao-declarados\/117312","title":{"rendered":"Receita identifica 2,1 mil brasileiros com im\u00f3veis em Miami n\u00e3o declarados"},"content":{"rendered":"<p> A <strong><em>Receita Federal<\/em><\/strong> identificou milhares de brasileiros que possuem im\u00f3veis no exterior, mas n\u00e3o declararam os bens no Brasil. S\u00f3 em Miami, nos Estados Unidos, foram identificados 2,1 mil brasileiros que adquiriram im\u00f3veis em 2015 por meio de empresas limitadas, sem declar\u00e1-los. Um dos detalhes que chamaram a aten\u00e7\u00e3o dos auditores brasileiros \u00e9 que 75% desses im\u00f3veis foram pagos \u00e0 vista, em dinheiro.<\/p>\n<p> De acordo com o subsecret\u00e1rio de Fiscaliza\u00e7\u00e3o da Receita Federal, I\u00e1garo Jung Martins, esses propriet\u00e1rios ser\u00e3o alvos de fiscaliza\u00e7\u00e3o a partir de agosto, quando termina o prazo de ades\u00e3o do Regime de Regulariza\u00e7\u00e3o Cambial e Tribut\u00e1ria.<\/p>\n<p>\u201cIdentificamos, em um processo de minera\u00e7\u00e3o de dados, que 2,1 mil pessoas adquiriram im\u00f3veis em Miami por meio de empresas limitadas, sem declarar essas aquisi\u00e7\u00f5es em 2015 \u00e0 Receita. Chamou a aten\u00e7\u00e3o da gente e das autoridades norte-americanas o fato de que os brasileiros, embora sejam a segunda nacionalidade que mais adquire im\u00f3veis em Miami, s\u00e3o os que compram os im\u00f3veis mais caros\u201d, disse o secret\u00e1rio ao apresentar um balan\u00e7o das fiscaliza\u00e7\u00f5es feitas pela Receita no primeiro semestre de 2017.<\/p>\n<p>Segundo Martins, os brasileiros s\u00e3o respons\u00e1veis por 12% de todas as aquisi\u00e7\u00f5es de im\u00f3veis em Miami. \u201cEm 2015 os brasileiros adquiriram US$ 730 milh\u00f5es em im\u00f3veis nos Estados Unidos. \u00c9 um valor m\u00e9dio de aquisi\u00e7\u00e3o de R$ 766 mil, e 43% desses im\u00f3veis foram adquiridos por meio de sociedades limitadas, e n\u00e3o declaram no imposto de renda\u201d, informou.<\/p>\n<p>\u201cA partir dessas informa\u00e7\u00f5es e de trabalhos feitos por auditores, est\u00e3o sendo identificados contribuintes que n\u00e3o entraram na repatria\u00e7\u00e3o. Estamos acompanhando eles. Quem n\u00e3o declarou esses valores ter\u00e1 de pagar os tributos\u201d, disse o subsecret\u00e1rio. \u201cO valor do im\u00f3vel ser\u00e1 contabilizado como renda. Agora estamos esperando terminar o prazo de ades\u00e3o ao Regime de Regulariza\u00e7\u00e3o, em 31 de julho. Se n\u00e3o aderirem, iniciamos a fiscaliza\u00e7\u00e3o em agosto\u201d, acrescentou.<\/p>\n<p>A identifica\u00e7\u00e3o desses ativos foi poss\u00edvel porque o Brasil faz parte de um grupo de 100 pa\u00edses que integram a Conven\u00e7\u00e3o Multilateral para Troca de Informa\u00e7\u00f5es entre Pa\u00edses. \u201cOs pa\u00edses que j\u00e1 aderiram a essa conven\u00e7\u00e3o trocam informa\u00e7\u00f5es de forma autom\u00e1tica. Se algum brasileiro tiver patrim\u00f4nio em algum desses pa\u00edses, a Receita Federal no Brasil recebe essa informa\u00e7\u00e3o de forma autom\u00e1tica. Podemos afirmar que muitos dos pa\u00edses que eram para\u00edsos fiscais j\u00e1 aderiram ao programa. Ou seja, para fins tribut\u00e1rios, o mundo passa a ser um mundo sem fronteira\u201d, destacou o subsecret\u00e1rio de Fiscaliza\u00e7\u00e3o da Receita.<\/p>\n<p>Pedro Pedduzzi &#8211; Rep\u00f3rter da Ag\u00eancia Brasil<br \/>\nEdi\u00e7\u00e3o: Luana Louren\u00e7o<br \/>\n19\/07\/2017<\/p>\n","protected":false},"excerpt":{"rendered":"<p>A Receita Federal identificou milhares de brasileiros que possuem im\u00f3veis no exterior, mas n\u00e3o declararam os bens no Brasil. S\u00f3 em Miami, nos Estados Unidos, foram identificados 2,1 mil brasileiros que adquiriram im\u00f3veis em 2015 por meio de empresas limitadas, sem declar\u00e1-los. Um dos detalhes que chamaram a aten\u00e7\u00e3o dos auditores brasileiros \u00e9 que 75% [&hellip;]<\/p>\n","protected":false},"author":2,"featured_media":23889,"comment_status":"open","ping_status":"closed","sticky":false,"template":"","format":"standard","meta":{"_genesis_hide_title":false,"_genesis_hide_breadcrumbs":false,"_genesis_hide_singular_image":false,"_genesis_hide_footer_widgets":false,"_genesis_custom_body_class":"","_genesis_custom_post_class":"","_genesis_layout":"","_jetpack_memberships_contains_paid_content":false,"footnotes":""},"categories":[22,7],"tags":[],"class_list":{"0":"post-117312","1":"post","2":"type-post","3":"status-publish","4":"format-standard","5":"has-post-thumbnail","7":"category-brasil","8":"category-economia","9":"entry","10":"gs-1","11":"gs-odd","12":"gs-even","13":"gs-featured-content-entry"},"jetpack_featured_media_url":"https:\/\/www.redenoticia.com.br\/noticia\/imagens\/receita-federal-irpf-2010.jpg","jetpack_sharing_enabled":true,"jetpack_likes_enabled":true,"_links":{"self":[{"href":"https:\/\/www.redenoticia.com.br\/noticia\/wp-json\/wp\/v2\/posts\/117312","targetHints":{"allow":["GET"]}}],"collection":[{"href":"https:\/\/www.redenoticia.com.br\/noticia\/wp-json\/wp\/v2\/posts"}],"about":[{"href":"https:\/\/www.redenoticia.com.br\/noticia\/wp-json\/wp\/v2\/types\/post"}],"author":[{"embeddable":true,"href":"https:\/\/www.redenoticia.com.br\/noticia\/wp-json\/wp\/v2\/users\/2"}],"replies":[{"embeddable":true,"href":"https:\/\/www.redenoticia.com.br\/noticia\/wp-json\/wp\/v2\/comments?post=117312"}],"version-history":[{"count":0,"href":"https:\/\/www.redenoticia.com.br\/noticia\/wp-json\/wp\/v2\/posts\/117312\/revisions"}],"wp:featuredmedia":[{"embeddable":true,"href":"https:\/\/www.redenoticia.com.br\/noticia\/wp-json\/wp\/v2\/media\/23889"}],"wp:attachment":[{"href":"https:\/\/www.redenoticia.com.br\/noticia\/wp-json\/wp\/v2\/media?parent=117312"}],"wp:term":[{"taxonomy":"category","embeddable":true,"href":"https:\/\/www.redenoticia.com.br\/noticia\/wp-json\/wp\/v2\/categories?post=117312"},{"taxonomy":"post_tag","embeddable":true,"href":"https:\/\/www.redenoticia.com.br\/noticia\/wp-json\/wp\/v2\/tags?post=117312"}],"curies":[{"name":"wp","href":"https:\/\/api.w.org\/{rel}","templated":true}]}}