{"id":116864,"date":"2017-07-11T16:36:02","date_gmt":"2017-07-11T19:36:02","guid":{"rendered":"https:\/\/www.redenoticia.com.br\/noticia\/?p=116864"},"modified":"2017-07-11T16:34:42","modified_gmt":"2017-07-11T19:34:42","slug":"resumo-novela-malhacao-1207-tina-decide-cantar-com-keyla-em-seu-clipe","status":"publish","type":"post","link":"https:\/\/www.redenoticia.com.br\/noticia\/2017\/resumo-novela-malhacao-1207-tina-decide-cantar-com-keyla-em-seu-clipe\/116864","title":{"rendered":"Resumo novela \u201cMalha\u00e7\u00e3o\u201d 12\/07: Tina decide cantar com Keyla em seu clipe"},"content":{"rendered":"<p> <img class=\"alignleft size-thumbnail wp-image-110075\" https:\/\/www.redenoticia.com.br\/noticia\/imagens\/malhacao-viva-a-diferenca-150x112.jpg\" alt=\"\" width=\"150\" height=\"112\" \/><strong><em>Resumo novela \u201cMalha\u00e7\u00e3o\u201d 12\/07<\/em><\/strong>: no cap\u00edtulo 048(*) da novela \u201cMalha\u00e7\u00e3o\u201d, resumo de quarta-feira, 12 de julho, Keyla, Tina, Lica e Ellen tentam aconselhar Ben\u00ea, e Josefina acalma a filha. D\u00f3ris n\u00e3o consegue financiamento para consertar o telhado do col\u00e9gio. Roney questiona Julinho sobre o trote e Tato percebe sua inten\u00e7\u00e3o. B\u00f3ris avisa sobre um poss\u00edvel manifesto de estudantes e Edgar o ironiza. Malu tenta convencer Edgar a parar de contribuir financeiramente com Marta e Lica. Roney fala para Josefina que Julinho passou um trote para a lanchonete e os dois discutem. Tina decide cantar com Keyla em seu clipe. Julinho se faz de v\u00edtima para Josefina. Lu\u00eds e Marta reclamam das decis\u00f5es de Edgar. Come\u00e7a a chover forte e D\u00f3ris teme que o telhado da escola desabe.<\/p>\n<p>(*) edi\u00e7\u00e3o da Rede Globo, Novela \u201cMalha\u00e7\u00e3o\u201d, sujeito a altera\u00e7\u00e3o de data e conte\u00fado.<\/p>\n<p>A vig\u00e9sima quinta temporada da s\u00e9rie de televis\u00e3o brasileira Malha\u00e7\u00e3o, produzida pela Rede Globo, \u00e9 escrita por Cao Hamburger, com colabora\u00e7\u00e3o de Jaqueline Vargas, Luciana Pessanha, Vitor Brandt e Carolina Ziskind, e conta com a dire\u00e7\u00e3o de Paulo Silvestrini. Pela primeira vez ap\u00f3s vinte e quatro temporadas, a novela ser\u00e1 ambientada nas zonas leste e sul da cidade de S\u00e3o Paulo. A trama \u00e9 protagonizada por Gabriela Medvedovski, Heslaine Vieira, Ana Hikari, Manoela Aliperti e Daphne Bozaski. O elenco tamb\u00e9m \u00e9 composto por Matheus Abreu, Hall Mendes, Juan Piava, Gabriel Calamari, Bruno Gadiol, Giovanna Grigio, Aline Fanju, L\u00facio Mauro Filho, Malu Galli, Angelo Ant\u00f4nio, Daniela Galli, Marcello Antony, Isabella Scherer, Talita Younan e Carol Macedo nos papeis principais.<\/p>\n","protected":false},"excerpt":{"rendered":"","protected":false},"author":2,"featured_media":110075,"comment_status":"open","ping_status":"closed","sticky":false,"template":"","format":"standard","meta":{"_genesis_hide_title":false,"_genesis_hide_breadcrumbs":false,"_genesis_hide_singular_image":false,"_genesis_hide_footer_widgets":false,"_genesis_custom_body_class":"","_genesis_custom_post_class":"","_genesis_layout":"","_jetpack_memberships_contains_paid_content":false,"footnotes":""},"categories":[447,379,375,343],"tags":[441],"class_list":{"0":"post-116864","1":"post","2":"type-post","3":"status-publish","4":"format-standard","5":"has-post-thumbnail","7":"category-malhacao","8":"category-novelas","9":"category-rede-globo","10":"category-televisao","11":"tag-resumo-do-dia","12":"entry","13":"gs-1","14":"gs-odd","15":"gs-even","16":"gs-featured-content-entry"},"jetpack_featured_media_url":"https:\/\/www.redenoticia.com.br\/noticia\/imagens\/malhacao-viva-a-diferenca.jpg","jetpack_sharing_enabled":true,"jetpack_likes_enabled":true,"_links":{"self":[{"href":"https:\/\/www.redenoticia.com.br\/noticia\/wp-json\/wp\/v2\/posts\/116864","targetHints":{"allow":["GET"]}}],"collection":[{"href":"https:\/\/www.redenoticia.com.br\/noticia\/wp-json\/wp\/v2\/posts"}],"about":[{"href":"https:\/\/www.redenoticia.com.br\/noticia\/wp-json\/wp\/v2\/types\/post"}],"author":[{"embeddable":true,"href":"https:\/\/www.redenoticia.com.br\/noticia\/wp-json\/wp\/v2\/users\/2"}],"replies":[{"embeddable":true,"href":"https:\/\/www.redenoticia.com.br\/noticia\/wp-json\/wp\/v2\/comments?post=116864"}],"version-history":[{"count":0,"href":"https:\/\/www.redenoticia.com.br\/noticia\/wp-json\/wp\/v2\/posts\/116864\/revisions"}],"wp:featuredmedia":[{"embeddable":true,"href":"https:\/\/www.redenoticia.com.br\/noticia\/wp-json\/wp\/v2\/media\/110075"}],"wp:attachment":[{"href":"https:\/\/www.redenoticia.com.br\/noticia\/wp-json\/wp\/v2\/media?parent=116864"}],"wp:term":[{"taxonomy":"category","embeddable":true,"href":"https:\/\/www.redenoticia.com.br\/noticia\/wp-json\/wp\/v2\/categories?post=116864"},{"taxonomy":"post_tag","embeddable":true,"href":"https:\/\/www.redenoticia.com.br\/noticia\/wp-json\/wp\/v2\/tags?post=116864"}],"curies":[{"name":"wp","href":"https:\/\/api.w.org\/{rel}","templated":true}]}}