{"id":116303,"date":"2017-07-03T00:11:11","date_gmt":"2017-07-03T03:11:11","guid":{"rendered":"https:\/\/www.redenoticia.com.br\/noticia\/?p=116303"},"modified":"2017-07-02T17:51:57","modified_gmt":"2017-07-02T20:51:57","slug":"bandeira-tarifaria-nas-contas-de-energia-de-julho-sera-amarela","status":"publish","type":"post","link":"https:\/\/www.redenoticia.com.br\/noticia\/2017\/bandeira-tarifaria-nas-contas-de-energia-de-julho-sera-amarela\/116303","title":{"rendered":"Bandeira tarif\u00e1ria nas contas de energia de julho ser\u00e1 amarela"},"content":{"rendered":"<p> A <strong><em>bandeira tarif\u00e1ria<\/em><\/strong> que ser\u00e1 aplicada nas contas de energia em julho ser\u00e1 amarela, o que significa um acr\u00e9scimo de R$ 2 a cada 100 quilowatts-hora (kWh) consumidos. Segundo a Ag\u00eancia Nacional de Energia El\u00e9trica (Aneel), o fator que determinou o acionamento da bandeira amarela foi o aumento do custo de gera\u00e7\u00e3o de energia el\u00e9trica.<\/p>\n<p>O sistema de bandeiras tarif\u00e1rias foi criado em 2015 como forma de recompor os gastos extras com a utiliza\u00e7\u00e3o de energia de usinas termel\u00e9tricas, que \u00e9 mais cara do que a de hidrel\u00e9tricas. A cor da bandeira \u00e9 impressa na conta de luz (vermelha, amarela ou verde) e indica o custo da energia em fun\u00e7\u00e3o das condi\u00e7\u00f5es de gera\u00e7\u00e3o.<\/p>\n<p>Quando chove menos, por exemplo, os reservat\u00f3rios das hidrel\u00e9tricas ficam mais vazios e \u00e9 preciso acionar mais termel\u00e9tricas para garantir o suprimento de energia no pa\u00eds. Nesse caso, a bandeira fica amarela ou vermelha, de acordo com o custo de opera\u00e7\u00e3o das termel\u00e9tricas acionadas.<\/p>\n<p>Neste ano, as contas de luz j\u00e1 tiveram bandeira vermelha, nos meses de abril e maio, e em junho a bandeira ficou verde. A Aneel j\u00e1 disse que dever\u00e1 revisar no ano que vem a metodologia que define o acionamento das bandeiras tarif\u00e1rias, para evitar mudan\u00e7as bruscas de um m\u00eas para o outro.<\/p>\n<p>Segundo a Aneel, o sistema de bandeiras tarif\u00e1rias sinaliza o custo real da energia gerada, possibilitando aos consumidores o uso consciente da energia el\u00e9trica.<\/p>\n<p>Da Ag\u00eancia Brasil<br \/>\nEdi\u00e7\u00e3o: Amanda Cieglinski<br \/>\n03\/07\/2017<\/p>\n","protected":false},"excerpt":{"rendered":"<p>A bandeira tarif\u00e1ria que ser\u00e1 aplicada nas contas de energia em julho ser\u00e1 amarela, o que significa um acr\u00e9scimo de R$ 2 a cada 100 quilowatts-hora (kWh) consumidos. Segundo a Ag\u00eancia Nacional de Energia El\u00e9trica (Aneel), o fator que determinou o acionamento da bandeira amarela foi o aumento do custo de gera\u00e7\u00e3o de energia el\u00e9trica. [&hellip;]<\/p>\n","protected":false},"author":2,"featured_media":57583,"comment_status":"open","ping_status":"closed","sticky":false,"template":"","format":"standard","meta":{"_genesis_hide_title":false,"_genesis_hide_breadcrumbs":false,"_genesis_hide_singular_image":false,"_genesis_hide_footer_widgets":false,"_genesis_custom_body_class":"","_genesis_custom_post_class":"","_genesis_layout":"","_jetpack_memberships_contains_paid_content":false,"footnotes":""},"categories":[22,7],"tags":[],"class_list":{"0":"post-116303","1":"post","2":"type-post","3":"status-publish","4":"format-standard","5":"has-post-thumbnail","7":"category-brasil","8":"category-economia","9":"entry","10":"gs-1","11":"gs-odd","12":"gs-even","13":"gs-featured-content-entry"},"jetpack_featured_media_url":"https:\/\/www.redenoticia.com.br\/noticia\/imagens\/economia-grafico.jpg","jetpack_sharing_enabled":true,"jetpack_likes_enabled":true,"_links":{"self":[{"href":"https:\/\/www.redenoticia.com.br\/noticia\/wp-json\/wp\/v2\/posts\/116303","targetHints":{"allow":["GET"]}}],"collection":[{"href":"https:\/\/www.redenoticia.com.br\/noticia\/wp-json\/wp\/v2\/posts"}],"about":[{"href":"https:\/\/www.redenoticia.com.br\/noticia\/wp-json\/wp\/v2\/types\/post"}],"author":[{"embeddable":true,"href":"https:\/\/www.redenoticia.com.br\/noticia\/wp-json\/wp\/v2\/users\/2"}],"replies":[{"embeddable":true,"href":"https:\/\/www.redenoticia.com.br\/noticia\/wp-json\/wp\/v2\/comments?post=116303"}],"version-history":[{"count":0,"href":"https:\/\/www.redenoticia.com.br\/noticia\/wp-json\/wp\/v2\/posts\/116303\/revisions"}],"wp:featuredmedia":[{"embeddable":true,"href":"https:\/\/www.redenoticia.com.br\/noticia\/wp-json\/wp\/v2\/media\/57583"}],"wp:attachment":[{"href":"https:\/\/www.redenoticia.com.br\/noticia\/wp-json\/wp\/v2\/media?parent=116303"}],"wp:term":[{"taxonomy":"category","embeddable":true,"href":"https:\/\/www.redenoticia.com.br\/noticia\/wp-json\/wp\/v2\/categories?post=116303"},{"taxonomy":"post_tag","embeddable":true,"href":"https:\/\/www.redenoticia.com.br\/noticia\/wp-json\/wp\/v2\/tags?post=116303"}],"curies":[{"name":"wp","href":"https:\/\/api.w.org\/{rel}","templated":true}]}}