{"id":116299,"date":"2017-07-03T00:09:37","date_gmt":"2017-07-03T03:09:37","guid":{"rendered":"https:\/\/www.redenoticia.com.br\/noticia\/?p=116299"},"modified":"2017-07-02T17:50:22","modified_gmt":"2017-07-02T20:50:22","slug":"reajustes-de-precos-da-gasolina-e-diesel-podem-ser-diarios-anuncia-petrobras","status":"publish","type":"post","link":"https:\/\/www.redenoticia.com.br\/noticia\/2017\/reajustes-de-precos-da-gasolina-e-diesel-podem-ser-diarios-anuncia-petrobras\/116299","title":{"rendered":"Reajustes de pre\u00e7os da gasolina e diesel podem ser di\u00e1rios, anuncia Petrobras"},"content":{"rendered":"<p> A Petrobras anunciou mudan\u00e7as na sua pol\u00edtica de <strong><em>reajuste dos pre\u00e7os da gasolina e do diesel<\/em><\/strong> comercializados em suas refinarias em todo o pa\u00eds. Os reajustes poder\u00e3o, a partir desta segunda-feira (3), ocorrer em menor espa\u00e7o de tempo, com a possibilidade de ser at\u00e9 di\u00e1rios, dependendo das oscila\u00e7\u00f5es do pre\u00e7o do produto no mercado externo.<\/p>\n<p>A revis\u00e3o da pol\u00edtica de pre\u00e7os da estatal foi aprovada quinta-feira (29), pela Diretoria Executiva e comunicada hoje \u00e0 imprensa e ao mercado pelos diretores de Finan\u00e7as e Relacionamento com os Investidores, Ivan Monteiro, e de Refino e G\u00e1s Natural, Jorge Celestino.<\/p>\n<p>\u201cCom as altera\u00e7\u00f5es, a partir de segunda-feira (3), a \u00e1rea t\u00e9cnica de marketing e comercializa\u00e7\u00e3o da companhia ter\u00e1 delega\u00e7\u00e3o para realizar ajustes nos pre\u00e7os, a qualquer momento, inclusive diariamente, desde que os reajustes acumulados por produto estejam, na m\u00e9dia Brasil, dentro de uma faixa determinada (-7% a +7%), respeitando a margem estabelecida pelo Gemp (Grupo Executivo de Mercado e Pre\u00e7os)\u201d, informou a diretoria.<\/p>\n<p>Qualquer altera\u00e7\u00e3o fora dessa faixa ter\u00e1 que ser autorizada pelo grupo, composto pelo presidente da estatal Pedro Parente e pelos diretores executivos de Refino e G\u00e1s Natural e Financeiro e de Relacionamento com Investidores<\/p>\n<p>Na avalia\u00e7\u00e3o do diretor Ivan Monteiro, a mudan\u00e7a \u201crepresenta um novo marco na politica de pre\u00e7os da companhia ao dar maior liberdade e margem de a\u00e7\u00e3o \u00e0 \u00e1rea comercial, que ter\u00e1 liberdade para praticar [para cima ou para baixo] reajustes at\u00e9 mesmo diariamente\u201d.<\/p>\n<p>A avalia\u00e7\u00e3o do diretor da \u00c1rea de Refino e G\u00e1s natural, Jorge Celestino, \u201cos ajustes que vinham sendo praticados, desde o an\u00fancio da nova pol\u00edtica em outubro do ano passado, n\u00e3o vinham sendo suficientes para acompanhar a volatilidade crescente da taxa de c\u00e2mbio e das cota\u00e7\u00f5es de petr\u00f3leo e derivados no mercado externo\u201d.<\/p>\n<p>No entendimento da diretoria da estatal, \u201ccom a revis\u00e3o anunciada, a nova pol\u00edtica de pre\u00e7os aprovada permitir\u00e1 maior ader\u00eancia dos pre\u00e7os do mercado dom\u00e9stico ao mercado internacional no curto prazo e possibilitar\u00e1 \u00e0 companhia competir de maneira mais \u00e1gil e eficiente, recuperando parte do mercado que vinha perdendo para os derivados importados\u201d.<\/p>\n<p>Os diretores fizeram quest\u00e3o de ressaltar que, com as altera\u00e7\u00f5es, \u201cos princ\u00edpios da pol\u00edtica de pre\u00e7os, aprovada em outubro de 2016, permanecem inalterados, levando em considera\u00e7\u00e3o o pre\u00e7o de paridade internacional (PPI), margens para remunera\u00e7\u00e3o dos riscos inerentes \u00e0 opera\u00e7\u00e3o, impostos (PIS, Cofins e ICMS) e o n\u00edvel de participa\u00e7\u00e3o no mercado\u201d.<\/p>\n<p>No \u00faltimo reajuste anunciado pela Petrobras, ainda na vig\u00eancia da atual pol\u00edtica, feito no dia 14, o diesel subiu 5,8% e a gasolina 2,3%.<\/p>\n<p>Os diretores anunciaram, ainda, que os reajustes futuros no pre\u00e7o dos combust\u00edveis passar\u00e3o a ser divulgados pela internet, no site da companhia (www.petrobras.com.br\/precosdistribuidoras) e nos canais internos de comunica\u00e7\u00e3o aos clientes.<\/p>\n<p>Nielmar de Oliveira &#8211; Rep\u00f3rter da Ag\u00eancia Brasil<br \/>\nEdi\u00e7\u00e3o: Fernando Fraga<br \/>\n03\/07\/2017<\/p>\n","protected":false},"excerpt":{"rendered":"<p>A Petrobras anunciou mudan\u00e7as na sua pol\u00edtica de reajuste dos pre\u00e7os da gasolina e do diesel comercializados em suas refinarias em todo o pa\u00eds. Os reajustes poder\u00e3o, a partir desta segunda-feira (3), ocorrer em menor espa\u00e7o de tempo, com a possibilidade de ser at\u00e9 di\u00e1rios, dependendo das oscila\u00e7\u00f5es do pre\u00e7o do produto no mercado externo. [&hellip;]<\/p>\n","protected":false},"author":2,"featured_media":34985,"comment_status":"open","ping_status":"closed","sticky":false,"template":"","format":"standard","meta":{"_genesis_hide_title":false,"_genesis_hide_breadcrumbs":false,"_genesis_hide_singular_image":false,"_genesis_hide_footer_widgets":false,"_genesis_custom_body_class":"","_genesis_custom_post_class":"","_genesis_layout":"","_jetpack_memberships_contains_paid_content":false,"footnotes":""},"categories":[22,7],"tags":[],"class_list":{"0":"post-116299","1":"post","2":"type-post","3":"status-publish","4":"format-standard","5":"has-post-thumbnail","7":"category-brasil","8":"category-economia","9":"entry","10":"gs-1","11":"gs-odd","12":"gs-even","13":"gs-featured-content-entry"},"jetpack_featured_media_url":"https:\/\/www.redenoticia.com.br\/noticia\/imagens\/combustivel.jpg","jetpack_sharing_enabled":true,"jetpack_likes_enabled":true,"_links":{"self":[{"href":"https:\/\/www.redenoticia.com.br\/noticia\/wp-json\/wp\/v2\/posts\/116299","targetHints":{"allow":["GET"]}}],"collection":[{"href":"https:\/\/www.redenoticia.com.br\/noticia\/wp-json\/wp\/v2\/posts"}],"about":[{"href":"https:\/\/www.redenoticia.com.br\/noticia\/wp-json\/wp\/v2\/types\/post"}],"author":[{"embeddable":true,"href":"https:\/\/www.redenoticia.com.br\/noticia\/wp-json\/wp\/v2\/users\/2"}],"replies":[{"embeddable":true,"href":"https:\/\/www.redenoticia.com.br\/noticia\/wp-json\/wp\/v2\/comments?post=116299"}],"version-history":[{"count":0,"href":"https:\/\/www.redenoticia.com.br\/noticia\/wp-json\/wp\/v2\/posts\/116299\/revisions"}],"wp:featuredmedia":[{"embeddable":true,"href":"https:\/\/www.redenoticia.com.br\/noticia\/wp-json\/wp\/v2\/media\/34985"}],"wp:attachment":[{"href":"https:\/\/www.redenoticia.com.br\/noticia\/wp-json\/wp\/v2\/media?parent=116299"}],"wp:term":[{"taxonomy":"category","embeddable":true,"href":"https:\/\/www.redenoticia.com.br\/noticia\/wp-json\/wp\/v2\/categories?post=116299"},{"taxonomy":"post_tag","embeddable":true,"href":"https:\/\/www.redenoticia.com.br\/noticia\/wp-json\/wp\/v2\/tags?post=116299"}],"curies":[{"name":"wp","href":"https:\/\/api.w.org\/{rel}","templated":true}]}}