{"id":116297,"date":"2017-07-03T00:08:49","date_gmt":"2017-07-03T03:08:49","guid":{"rendered":"https:\/\/www.redenoticia.com.br\/noticia\/?p=116297"},"modified":"2017-07-02T17:49:35","modified_gmt":"2017-07-02T20:49:35","slug":"taxa-de-desemprego-no-pais-se-mantem-em-133-diz-ibge","status":"publish","type":"post","link":"https:\/\/www.redenoticia.com.br\/noticia\/2017\/taxa-de-desemprego-no-pais-se-mantem-em-133-diz-ibge\/116297","title":{"rendered":"Taxa de desemprego no pa\u00eds se mant\u00e9m em 13,3%, diz IBGE"},"content":{"rendered":"<p> A <strong><em>taxa de desemprego<\/em><\/strong> no pa\u00eds ficou em 13,3% no trimestre encerrado em maio deste ano. Segundo o Instituto Brasileiro de Geografia e Estat\u00edstica (IBGE), a taxa manteve-se est\u00e1vel em rela\u00e7\u00e3o ao trimestre encerrado em fevereiro. Na compara\u00e7\u00e3o com o trimestre encerrado em maio de 2016, no entanto, houve um aumento de 2,1 pontos percentuais, j\u00e1 que naquela ocasi\u00e3o a taxa havia sido de 11,2%.<\/p>\n<p> Os dados s\u00e3o da Pesquisa Nacional por Amostra de Domic\u00edlios (Pnad) Cont\u00ednua, divulgada pelo IBGE. Esta foi a maior taxa de desocupa\u00e7\u00e3o para um trimestre encerrado em maio desde o in\u00edcio da s\u00e9rie da pesquisa, em 2012.<\/p>\n<p>O n\u00edvel de ocupa\u00e7\u00e3o, que \u00e9 o percentual de pessoas ocupadas em idade de trabalhar, tamb\u00e9m atingiu o menor n\u00edvel da s\u00e9rie hist\u00f3rica da pesquisa para trimestres encerrados em maio (53,4%). Em rela\u00e7\u00e3o a maio de 2016, houve queda de 1,3 ponto percentual (54,7%).<\/p>\n<p>Segundo a Pnad, a popula\u00e7\u00e3o desocupada chegou a 13,8 milh\u00f5es de pessoas, permanecendo est\u00e1vel em rela\u00e7\u00e3o a fevereiro e crescendo 20,4% em rela\u00e7\u00e3o a maio de 2016 (2,3 milh\u00f5es de pessoas a mais).<\/p>\n<p>A popula\u00e7\u00e3o ocupada, de 89,7 milh\u00f5es, tamb\u00e9m manteve-se em rela\u00e7\u00e3o a fevereiro, mas caiu 1,3% (menos 1,2 milh\u00e3o de pessoas) em rela\u00e7\u00e3o a maio de 2016. Os empregos com carteira assinada somaram 33,3 milh\u00f5es, 1,4% a menos do que fevereiro (menos 479 mil pessoas) e 3,4% a menos do que maio de 2016 (menos 1,2 milh\u00e3o de pessoas).<\/p>\n<p>Vitor Abdala \u2013 Rep\u00f3rter da Ag\u00eancia Brasil<br \/>\nEdi\u00e7\u00e3o: Val\u00e9ria Aguiar<br \/>\n03\/07\/2017<\/p>\n","protected":false},"excerpt":{"rendered":"<p>A taxa de desemprego no pa\u00eds ficou em 13,3% no trimestre encerrado em maio deste ano. Segundo o Instituto Brasileiro de Geografia e Estat\u00edstica (IBGE), a taxa manteve-se est\u00e1vel em rela\u00e7\u00e3o ao trimestre encerrado em fevereiro. Na compara\u00e7\u00e3o com o trimestre encerrado em maio de 2016, no entanto, houve um aumento de 2,1 pontos percentuais, [&hellip;]<\/p>\n","protected":false},"author":2,"featured_media":40636,"comment_status":"open","ping_status":"closed","sticky":false,"template":"","format":"standard","meta":{"_genesis_hide_title":false,"_genesis_hide_breadcrumbs":false,"_genesis_hide_singular_image":false,"_genesis_hide_footer_widgets":false,"_genesis_custom_body_class":"","_genesis_custom_post_class":"","_genesis_layout":"","_jetpack_memberships_contains_paid_content":false,"footnotes":""},"categories":[22,7],"tags":[],"class_list":{"0":"post-116297","1":"post","2":"type-post","3":"status-publish","4":"format-standard","5":"has-post-thumbnail","7":"category-brasil","8":"category-economia","9":"entry","10":"gs-1","11":"gs-odd","12":"gs-even","13":"gs-featured-content-entry"},"jetpack_featured_media_url":"https:\/\/www.redenoticia.com.br\/noticia\/imagens\/economia-analise.jpg","jetpack_sharing_enabled":true,"jetpack_likes_enabled":true,"_links":{"self":[{"href":"https:\/\/www.redenoticia.com.br\/noticia\/wp-json\/wp\/v2\/posts\/116297","targetHints":{"allow":["GET"]}}],"collection":[{"href":"https:\/\/www.redenoticia.com.br\/noticia\/wp-json\/wp\/v2\/posts"}],"about":[{"href":"https:\/\/www.redenoticia.com.br\/noticia\/wp-json\/wp\/v2\/types\/post"}],"author":[{"embeddable":true,"href":"https:\/\/www.redenoticia.com.br\/noticia\/wp-json\/wp\/v2\/users\/2"}],"replies":[{"embeddable":true,"href":"https:\/\/www.redenoticia.com.br\/noticia\/wp-json\/wp\/v2\/comments?post=116297"}],"version-history":[{"count":0,"href":"https:\/\/www.redenoticia.com.br\/noticia\/wp-json\/wp\/v2\/posts\/116297\/revisions"}],"wp:featuredmedia":[{"embeddable":true,"href":"https:\/\/www.redenoticia.com.br\/noticia\/wp-json\/wp\/v2\/media\/40636"}],"wp:attachment":[{"href":"https:\/\/www.redenoticia.com.br\/noticia\/wp-json\/wp\/v2\/media?parent=116297"}],"wp:term":[{"taxonomy":"category","embeddable":true,"href":"https:\/\/www.redenoticia.com.br\/noticia\/wp-json\/wp\/v2\/categories?post=116297"},{"taxonomy":"post_tag","embeddable":true,"href":"https:\/\/www.redenoticia.com.br\/noticia\/wp-json\/wp\/v2\/tags?post=116297"}],"curies":[{"name":"wp","href":"https:\/\/api.w.org\/{rel}","templated":true}]}}