{"id":116295,"date":"2017-07-03T00:07:56","date_gmt":"2017-07-03T03:07:56","guid":{"rendered":"https:\/\/www.redenoticia.com.br\/noticia\/?p=116295"},"modified":"2017-07-02T17:48:47","modified_gmt":"2017-07-02T20:48:47","slug":"confianca-dos-empresarios-do-setor-de-servicos-cai-em-junho","status":"publish","type":"post","link":"https:\/\/www.redenoticia.com.br\/noticia\/2017\/confianca-dos-empresarios-do-setor-de-servicos-cai-em-junho\/116295","title":{"rendered":"Confian\u00e7a dos empres\u00e1rios do setor de servi\u00e7os cai em junho"},"content":{"rendered":"<p> O <strong><em>\u00cdndice de Confian\u00e7a de Servi\u00e7os<\/em><\/strong>, medido pela Funda\u00e7\u00e3o Getulio Vargas (FGV), recuou 2,8 pontos entre maio e junho, atingindo 81,9 pontos, em uma escala de zero a 200 pontos. Na passagem de abril para maio, o indicador havia avan\u00e7ado 0,5 ponto.<\/p>\n<p>De acordo com a FGV, o principal respons\u00e1vel pelo recuo do indicador em junho foi a piora da expectativa dos empres\u00e1rios do setor de servi\u00e7os no futuro. O \u00cdndice de Expectativas caiu 5,2 pontos e atingiu 86,5 pontos. J\u00e1 a confian\u00e7a dos empres\u00e1rios de servi\u00e7os no momento atual caiu menos (-0,4 ponto) e chegou a 77,5 pontos.<\/p>\n<p>Os empres\u00e1rios apontaram como principal entrave \u00e0 atividade a demanda insuficiente: 39,4% citaram esse problema. Outro problema apontado foi o clima pol\u00edtico, que supera pela primeira vez o per\u00edodo eleitoral de 2014.<\/p>\n<p>O N\u00edvel de Capacidade Instalada do setor de servi\u00e7os caiu 0,9 ponto percentual e atingiu 81,5% em junho, o menor n\u00edvel da s\u00e9rie hist\u00f3rica da pesquisa.<\/p>\n<p>Vitor Abdala \u2013 Rep\u00f3rter da Ag\u00eancia Brasil<br \/>\nEdi\u00e7\u00e3o: Gra\u00e7a Adjuto<br \/>\n03\/07\/2017<br \/>\n&#8212;<br \/>\nCriada em 2007 para fortalecer o sistema p\u00fablico de comunica\u00e7\u00e3o, a EBC \u00e9 gestora da TV Brasil, TV Brasil Internacional, Ag\u00eancia Brasil, Radioag\u00eancia Nacional e do sistema p\u00fablico de R\u00e1dio, composto por oito emissoras: R\u00e1dio Nacional AM do Rio de Janeiro (1.130 KHz), R\u00e1dio Nacional AM de Bras\u00edlia (980 KHz), Nacional FM de Bras\u00edlia (96,1 MHz), R\u00e1dio MEC AM do Rio de Janeiro (800 KHz), MEC FM do Rio de Janeiro (99,3 MHz), R\u00e1dio Nacional da Amaz\u00f4nia OC (11.780 KHz e 6.180 KHz), R\u00e1dio Nacional AM do Alto Solim\u00f5es (670 KHz) e R\u00e1dio Nacional FM do Alto Solim\u00f5es (96.1 MHz). Por sua independ\u00eancia editorial, os ve\u00edculos p\u00fablicos distinguem-se dos canais estatais ou governamentais. A rede de emissoras produz conte\u00fados diferenciados que a singulariza por espelhar de maneira mais fidedigna a complexidade cultural brasileira, ocupando um espa\u00e7o complementar, n\u00e3o preenchido pelos canais privados.<\/p>\n","protected":false},"excerpt":{"rendered":"<p>O \u00cdndice de Confian\u00e7a de Servi\u00e7os, medido pela Funda\u00e7\u00e3o Getulio Vargas (FGV), recuou 2,8 pontos entre maio e junho, atingindo 81,9 pontos, em uma escala de zero a 200 pontos. Na passagem de abril para maio, o indicador havia avan\u00e7ado 0,5 ponto. De acordo com a FGV, o principal respons\u00e1vel pelo recuo do indicador em [&hellip;]<\/p>\n","protected":false},"author":2,"featured_media":57585,"comment_status":"open","ping_status":"closed","sticky":false,"template":"","format":"standard","meta":{"_genesis_hide_title":false,"_genesis_hide_breadcrumbs":false,"_genesis_hide_singular_image":false,"_genesis_hide_footer_widgets":false,"_genesis_custom_body_class":"","_genesis_custom_post_class":"","_genesis_layout":"","_jetpack_memberships_contains_paid_content":false,"footnotes":""},"categories":[22,7],"tags":[],"class_list":{"0":"post-116295","1":"post","2":"type-post","3":"status-publish","4":"format-standard","5":"has-post-thumbnail","7":"category-brasil","8":"category-economia","9":"entry","10":"gs-1","11":"gs-odd","12":"gs-even","13":"gs-featured-content-entry"},"jetpack_featured_media_url":"https:\/\/www.redenoticia.com.br\/noticia\/imagens\/analise-economia.jpg","jetpack_sharing_enabled":true,"jetpack_likes_enabled":true,"_links":{"self":[{"href":"https:\/\/www.redenoticia.com.br\/noticia\/wp-json\/wp\/v2\/posts\/116295","targetHints":{"allow":["GET"]}}],"collection":[{"href":"https:\/\/www.redenoticia.com.br\/noticia\/wp-json\/wp\/v2\/posts"}],"about":[{"href":"https:\/\/www.redenoticia.com.br\/noticia\/wp-json\/wp\/v2\/types\/post"}],"author":[{"embeddable":true,"href":"https:\/\/www.redenoticia.com.br\/noticia\/wp-json\/wp\/v2\/users\/2"}],"replies":[{"embeddable":true,"href":"https:\/\/www.redenoticia.com.br\/noticia\/wp-json\/wp\/v2\/comments?post=116295"}],"version-history":[{"count":0,"href":"https:\/\/www.redenoticia.com.br\/noticia\/wp-json\/wp\/v2\/posts\/116295\/revisions"}],"wp:featuredmedia":[{"embeddable":true,"href":"https:\/\/www.redenoticia.com.br\/noticia\/wp-json\/wp\/v2\/media\/57585"}],"wp:attachment":[{"href":"https:\/\/www.redenoticia.com.br\/noticia\/wp-json\/wp\/v2\/media?parent=116295"}],"wp:term":[{"taxonomy":"category","embeddable":true,"href":"https:\/\/www.redenoticia.com.br\/noticia\/wp-json\/wp\/v2\/categories?post=116295"},{"taxonomy":"post_tag","embeddable":true,"href":"https:\/\/www.redenoticia.com.br\/noticia\/wp-json\/wp\/v2\/tags?post=116295"}],"curies":[{"name":"wp","href":"https:\/\/api.w.org\/{rel}","templated":true}]}}