{"id":116159,"date":"2017-06-30T00:11:05","date_gmt":"2017-06-30T03:11:05","guid":{"rendered":"https:\/\/www.redenoticia.com.br\/noticia\/?p=116159"},"modified":"2017-06-29T19:01:50","modified_gmt":"2017-06-29T22:01:50","slug":"vendas-dos-supermercados-caem-696-em-maio","status":"publish","type":"post","link":"https:\/\/www.redenoticia.com.br\/noticia\/2017\/vendas-dos-supermercados-caem-696-em-maio\/116159","title":{"rendered":"Vendas dos supermercados caem 6,96% em maio"},"content":{"rendered":"<p> As <strong><em>vendas em valores reais do setor de supermercados<\/em><\/strong> apresentaram queda de 6,96% em maio na compara\u00e7\u00e3o com abril e alta de 1,06% em rela\u00e7\u00e3o a maio do ano passado. No acumulado do ano houve alta de 0,61%, na compara\u00e7\u00e3o com o mesmo per\u00edodo de 2016, de acordo com o \u00cdndice Nacional de Vendas da Associa\u00e7\u00e3o Brasileira de Supermercados (Abras), pesquisado pelo Departamento de Economia e Pesquisa da entidade. Em valores nominais, as vendas do setor apresentaram queda de 6,67% em rela\u00e7\u00e3o ao m\u00eas de abril e, quando comparadas a maio de 2016, alta de 4,72%. No acumulado do ano, as vendas cresceram 5,15%.<\/p>\n<p>\u201cNos \u00faltimos dois meses o Caged [Cadastro Geral de Empregados e Desempregados] registrou aumento nos postos de trabalho e a infla\u00e7\u00e3o tamb\u00e9m tem se mantido em baixos patamares, fatores que influenciam diretamente no resultado acumulado das vendas do setor. Mas sabemos que o momento ainda \u00e9 de cautela, o cen\u00e1rio pol\u00edtico brasileiro tem passado por novas reviravoltas, e isso tamb\u00e9m afeta na confian\u00e7a e na inten\u00e7\u00e3o de compra da popula\u00e7\u00e3o\u201d, destacou o presidente da Abras, Jo\u00e3o Sanzovo Neto.<\/p>\n<p>No m\u00eas de maio, a cesta de produtos Abrasmercado, composta de 35 produtos de largo consumo, pesquisada pela GfK e analisada pelo Departamento de Economia e Pesquisa da Abras, registrou queda de 0,54%, ao passar de R$ 470,16 para R$ 467,62. J\u00e1 no acumulado do ano, a cesta apresentou queda de 3,21%.<\/p>\n<p>Segundo a pesquisa, as maiores quedas de pre\u00e7o no m\u00eas de maio foram registradas em produtos como: tomate (11,26%), farinha de mandioca (8,53%), queijo mussarela (4,14%) e a\u00e7\u00facar (4,11%). J\u00e1 as maiores altas foram nos itens: cebola (7,42%), batata (6,90%), sab\u00e3o em p\u00f3 (4,82%) e creme dental (2,88%).<\/p>\n<p>S\u00f3 a Regi\u00e3o Sudeste registrou alta nos pre\u00e7os (0,21%). As demais registraram queda: Norte (-1,45%), Sul (-0,74%), seguidas do Nordeste (-0,54%) e do Centro-Oeste (-0,04%).<\/p>\n<p>Fl\u00e1via Albuquerque \u2013 Rep\u00f3rter da Ag\u00eancia Brasil<br \/>\nEdi\u00e7\u00e3o: L\u00edlian Beraldo<br \/>\n30\/06\/2017<\/p>\n","protected":false},"excerpt":{"rendered":"<p>As vendas em valores reais do setor de supermercados apresentaram queda de 6,96% em maio na compara\u00e7\u00e3o com abril e alta de 1,06% em rela\u00e7\u00e3o a maio do ano passado. No acumulado do ano houve alta de 0,61%, na compara\u00e7\u00e3o com o mesmo per\u00edodo de 2016, de acordo com o \u00cdndice Nacional de Vendas da [&hellip;]<\/p>\n","protected":false},"author":2,"featured_media":57583,"comment_status":"open","ping_status":"closed","sticky":false,"template":"","format":"standard","meta":{"_genesis_hide_title":false,"_genesis_hide_breadcrumbs":false,"_genesis_hide_singular_image":false,"_genesis_hide_footer_widgets":false,"_genesis_custom_body_class":"","_genesis_custom_post_class":"","_genesis_layout":"","_jetpack_memberships_contains_paid_content":false,"footnotes":""},"categories":[22,7],"tags":[],"class_list":{"0":"post-116159","1":"post","2":"type-post","3":"status-publish","4":"format-standard","5":"has-post-thumbnail","7":"category-brasil","8":"category-economia","9":"entry","10":"gs-1","11":"gs-odd","12":"gs-even","13":"gs-featured-content-entry"},"jetpack_featured_media_url":"https:\/\/www.redenoticia.com.br\/noticia\/imagens\/economia-grafico.jpg","jetpack_sharing_enabled":true,"jetpack_likes_enabled":true,"_links":{"self":[{"href":"https:\/\/www.redenoticia.com.br\/noticia\/wp-json\/wp\/v2\/posts\/116159","targetHints":{"allow":["GET"]}}],"collection":[{"href":"https:\/\/www.redenoticia.com.br\/noticia\/wp-json\/wp\/v2\/posts"}],"about":[{"href":"https:\/\/www.redenoticia.com.br\/noticia\/wp-json\/wp\/v2\/types\/post"}],"author":[{"embeddable":true,"href":"https:\/\/www.redenoticia.com.br\/noticia\/wp-json\/wp\/v2\/users\/2"}],"replies":[{"embeddable":true,"href":"https:\/\/www.redenoticia.com.br\/noticia\/wp-json\/wp\/v2\/comments?post=116159"}],"version-history":[{"count":0,"href":"https:\/\/www.redenoticia.com.br\/noticia\/wp-json\/wp\/v2\/posts\/116159\/revisions"}],"wp:featuredmedia":[{"embeddable":true,"href":"https:\/\/www.redenoticia.com.br\/noticia\/wp-json\/wp\/v2\/media\/57583"}],"wp:attachment":[{"href":"https:\/\/www.redenoticia.com.br\/noticia\/wp-json\/wp\/v2\/media?parent=116159"}],"wp:term":[{"taxonomy":"category","embeddable":true,"href":"https:\/\/www.redenoticia.com.br\/noticia\/wp-json\/wp\/v2\/categories?post=116159"},{"taxonomy":"post_tag","embeddable":true,"href":"https:\/\/www.redenoticia.com.br\/noticia\/wp-json\/wp\/v2\/tags?post=116159"}],"curies":[{"name":"wp","href":"https:\/\/api.w.org\/{rel}","templated":true}]}}