{"id":116157,"date":"2017-06-30T00:10:55","date_gmt":"2017-06-30T03:10:55","guid":{"rendered":"https:\/\/www.redenoticia.com.br\/noticia\/?p=116157"},"modified":"2017-06-29T19:01:01","modified_gmt":"2017-06-29T22:01:01","slug":"queda-da-receita-faz-governo-central-registrar-deficit-recorde-em-maio","status":"publish","type":"post","link":"https:\/\/www.redenoticia.com.br\/noticia\/2017\/queda-da-receita-faz-governo-central-registrar-deficit-recorde-em-maio\/116157","title":{"rendered":"Queda da receita faz Governo Central registrar d\u00e9ficit recorde em maio"},"content":{"rendered":"<p> A queda da receita e o crescimento de gastos obrigat\u00f3rios, principalmente da Previd\u00eancia Social, fez o Governo Central (Tesouro Nacional, Previd\u00eancia Social e Banco Central) registrar o maior <strong><em>d\u00e9ficit prim\u00e1rio<\/em><\/strong> da hist\u00f3ria para meses de maio. No m\u00eas passado, o resultado ficou negativo em R$ 29,371 bilh\u00f5es, rombo 83,2% maior que o d\u00e9ficit de R$ 15,478 bilh\u00f5es registrado em maio do ano passado em valores corrigidos pelo \u00cdndice Nacional de Pre\u00e7os ao Consumidor Amplo (IPCA).<\/p>\n<p>O d\u00e9ficit prim\u00e1rio \u00e9 o resultado negativo nas contas do governo sem considerar o pagamento dos juros da d\u00edvida p\u00fablica. Com o desempenho de maio, o d\u00e9ficit prim\u00e1rio, que at\u00e9 abril vinha caindo, voltou a subir no acumulado do ano. No acumulado de 2017, o Governo Central registra resultado negativo de R$ 34,984 bilh\u00f5es, contra d\u00e9ficit de R$ 23,716 bilh\u00f5es registrados nos cinco primeiros meses do ano passado. Esse tamb\u00e9m \u00e9 o pior resultado para o per\u00edodo.<\/p>\n<p>Os n\u00fameros de maio indicam uma revers\u00e3o da trajet\u00f3ria das contas federais. Em abril, o Governo Central tinha registrado o maior super\u00e1vit prim\u00e1rio para o m\u00eas em tr\u00eas anos, impulsionado pelo pagamento do Imposto de Renda Pessoa F\u00edsica e pela arrecada\u00e7\u00e3o de royalties de petr\u00f3leo.<\/p>\n<p>Nos cinco primeiros meses do ano, as receitas l\u00edquidas ca\u00edram 3,3%, descontada a infla\u00e7\u00e3o oficial pelo \u00cdndice Nacional de Pre\u00e7os ao Consumidor Amplo (IPCA), mas as despesas totais acumulam recuo menor: 1,1%, tamb\u00e9m considerando o IPCA. At\u00e9 abril, as despesas vinham caindo mais do que as receitas l\u00edquidas.<\/p>\n<p>Em rela\u00e7\u00e3o \u00e0s despesas, a alta foi puxada pela Previd\u00eancia Social e pelo funcionalismo p\u00fablico. Os gastos com os benef\u00edcios da Previd\u00eancia Social subiram 7,2% acima da infla\u00e7\u00e3o nos cinco primeiros meses do ano, por causa do aumento do valor dos benef\u00edcios e do n\u00famero de benefici\u00e1rios. Por causa de acordos salariais fechados nos dois \u00faltimos anos, os gastos com o funcionalismo acumulam alta de 11,8% acima do IPCA de janeiro a maio.<\/p>\n<p>As demais despesas obrigat\u00f3rias acumulam queda de 13,6%, tamb\u00e9m descontada a infla\u00e7\u00e3o oficial. O recuo \u00e9 puxado pela reonera\u00e7\u00e3o da folha de pagamentos, que diminuiu em 33% a compensa\u00e7\u00e3o paga pelo Tesouro Nacional \u00e0 Previd\u00eancia Social, e pela queda de 29,9% no pagamento de subs\u00eddios e subven\u00e7\u00f5es. Tamb\u00e9m contribuiu para a redu\u00e7\u00e3o o n\u00e3o pagamento de cr\u00e9ditos extraordin\u00e1rios do Or\u00e7amento ocorridos no ano passado, que n\u00e3o se repetiram este ano.<\/p>\n<p>As despesas de custeio (manuten\u00e7\u00e3o da m\u00e1quina p\u00fablica) acumulam queda de 13,4% em 2017 descontado o IPCA. A redu\u00e7\u00e3o de gastos, no entanto, concentra-se nos investimentos, que totalizam R$ 12,264 bilh\u00f5es e ca\u00edram 48,4% de janeiro a maio, em valores tamb\u00e9m corrigidos pela infla\u00e7\u00e3o.<\/p>\n<p>Principal programa federal de investimentos, o Programa de Acelera\u00e7\u00e3o do Crescimento (PAC) gastou R$ 8,025 bilh\u00f5es de janeiro a maio, redu\u00e7\u00e3o de 53,4%. O Programa Minha Casa, Minha Vida executou R$ 897,2 milh\u00f5es, retra\u00e7\u00e3o de 66,6% na compara\u00e7\u00e3o com o mesmo per\u00edodo do ano passado. Essas varia\u00e7\u00f5es descontam a infla\u00e7\u00e3o oficial.<\/p>\n<p>Wellton M\u00e1ximo \u2013 Rep\u00f3rter da Ag\u00eancia Brasil<br \/>\nEdi\u00e7\u00e3o: Maria Claudia<br \/>\n30\/06\/2017<\/p>\n","protected":false},"excerpt":{"rendered":"<p>A queda da receita e o crescimento de gastos obrigat\u00f3rios, principalmente da Previd\u00eancia Social, fez o Governo Central (Tesouro Nacional, Previd\u00eancia Social e Banco Central) registrar o maior d\u00e9ficit prim\u00e1rio da hist\u00f3ria para meses de maio. No m\u00eas passado, o resultado ficou negativo em R$ 29,371 bilh\u00f5es, rombo 83,2% maior que o d\u00e9ficit de R$ [&hellip;]<\/p>\n","protected":false},"author":2,"featured_media":57585,"comment_status":"open","ping_status":"closed","sticky":false,"template":"","format":"standard","meta":{"_genesis_hide_title":false,"_genesis_hide_breadcrumbs":false,"_genesis_hide_singular_image":false,"_genesis_hide_footer_widgets":false,"_genesis_custom_body_class":"","_genesis_custom_post_class":"","_genesis_layout":"","_jetpack_memberships_contains_paid_content":false,"footnotes":""},"categories":[22,7],"tags":[],"class_list":{"0":"post-116157","1":"post","2":"type-post","3":"status-publish","4":"format-standard","5":"has-post-thumbnail","7":"category-brasil","8":"category-economia","9":"entry","10":"gs-1","11":"gs-odd","12":"gs-even","13":"gs-featured-content-entry"},"jetpack_featured_media_url":"https:\/\/www.redenoticia.com.br\/noticia\/imagens\/analise-economia.jpg","jetpack_sharing_enabled":true,"jetpack_likes_enabled":true,"_links":{"self":[{"href":"https:\/\/www.redenoticia.com.br\/noticia\/wp-json\/wp\/v2\/posts\/116157","targetHints":{"allow":["GET"]}}],"collection":[{"href":"https:\/\/www.redenoticia.com.br\/noticia\/wp-json\/wp\/v2\/posts"}],"about":[{"href":"https:\/\/www.redenoticia.com.br\/noticia\/wp-json\/wp\/v2\/types\/post"}],"author":[{"embeddable":true,"href":"https:\/\/www.redenoticia.com.br\/noticia\/wp-json\/wp\/v2\/users\/2"}],"replies":[{"embeddable":true,"href":"https:\/\/www.redenoticia.com.br\/noticia\/wp-json\/wp\/v2\/comments?post=116157"}],"version-history":[{"count":0,"href":"https:\/\/www.redenoticia.com.br\/noticia\/wp-json\/wp\/v2\/posts\/116157\/revisions"}],"wp:featuredmedia":[{"embeddable":true,"href":"https:\/\/www.redenoticia.com.br\/noticia\/wp-json\/wp\/v2\/media\/57585"}],"wp:attachment":[{"href":"https:\/\/www.redenoticia.com.br\/noticia\/wp-json\/wp\/v2\/media?parent=116157"}],"wp:term":[{"taxonomy":"category","embeddable":true,"href":"https:\/\/www.redenoticia.com.br\/noticia\/wp-json\/wp\/v2\/categories?post=116157"},{"taxonomy":"post_tag","embeddable":true,"href":"https:\/\/www.redenoticia.com.br\/noticia\/wp-json\/wp\/v2\/tags?post=116157"}],"curies":[{"name":"wp","href":"https:\/\/api.w.org\/{rel}","templated":true}]}}