{"id":116153,"date":"2017-06-30T00:08:29","date_gmt":"2017-06-30T03:08:29","guid":{"rendered":"https:\/\/www.redenoticia.com.br\/noticia\/?p=116153"},"modified":"2017-06-29T18:57:22","modified_gmt":"2017-06-29T21:57:22","slug":"bc-restringe-saques-em-especie","status":"publish","type":"post","link":"https:\/\/www.redenoticia.com.br\/noticia\/2017\/bc-restringe-saques-em-especie\/116153","title":{"rendered":"BC restringe saques em esp\u00e9cie"},"content":{"rendered":"<p> Com o objetivo de aprimorar o combate \u00e0 corrup\u00e7\u00e3o, o Banco Central (BC) restringiu os <strong><em>saques em esp\u00e9cie<\/em><\/strong>. A autoridade monet\u00e1ria reduziu o valor m\u00ednimo e aumentou o prazo de anteced\u00eancia para a retirada de grandes valores de contas banc\u00e1rias.<\/p>\n<p>Uma circular editada determina que os clientes dever\u00e3o avisar o banco com tr\u00eas dias de anteced\u00eancia caso queiram sacar valores iguais ou superiores a R$ 50 mil. Da mesma forma, a institui\u00e7\u00e3o financeira dever\u00e1 comunicar o Conselho de Controle de Atividades Financeiras (Coaf) qualquer retirada ou transa\u00e7\u00e3o em esp\u00e9cie a partir desse montante. As novas regras entram em vigor em 180 dias.<\/p>\n<p>Atualmente, o cliente deve entrar em contato com o banco com um dia de anteced\u00eancia para retirar valores iguais ou superiores a R$ 100 mil. O mesmo ocorre no repasse de informa\u00e7\u00f5es ao Coaf, que hoje s\u00f3 precisam ser comunicadas em transa\u00e7\u00f5es a partir desse valor.<\/p>\n<p>Em comunicado, o BC informou que as mudan\u00e7as haviam sido recomendadas em 2016 pelos \u00f3rg\u00e3os que fazem parte da Estrat\u00e9gia Nacional de Combate \u00e0 Corrup\u00e7\u00e3o e \u00e0 Lavagem de Dinheiro. Essas a\u00e7\u00f5es buscam aperfei\u00e7oar procedimentos e controles relativos a opera\u00e7\u00f5es com recursos em esp\u00e9cie.<\/p>\n<p>Wellton M\u00e1ximo &#8211; Rep\u00f3rter da Ag\u00eancia Brasil<br \/>\nEdi\u00e7\u00e3o: Fernando Fraga<br \/>\n30\/06\/2017<\/p>\n","protected":false},"excerpt":{"rendered":"<p>Com o objetivo de aprimorar o combate \u00e0 corrup\u00e7\u00e3o, o Banco Central (BC) restringiu os saques em esp\u00e9cie. A autoridade monet\u00e1ria reduziu o valor m\u00ednimo e aumentou o prazo de anteced\u00eancia para a retirada de grandes valores de contas banc\u00e1rias. Uma circular editada determina que os clientes dever\u00e3o avisar o banco com tr\u00eas dias de [&hellip;]<\/p>\n","protected":false},"author":2,"featured_media":40734,"comment_status":"open","ping_status":"closed","sticky":false,"template":"","format":"standard","meta":{"_genesis_hide_title":false,"_genesis_hide_breadcrumbs":false,"_genesis_hide_singular_image":false,"_genesis_hide_footer_widgets":false,"_genesis_custom_body_class":"","_genesis_custom_post_class":"","_genesis_layout":"","_jetpack_memberships_contains_paid_content":false,"footnotes":""},"categories":[22,7],"tags":[],"class_list":{"0":"post-116153","1":"post","2":"type-post","3":"status-publish","4":"format-standard","5":"has-post-thumbnail","7":"category-brasil","8":"category-economia","9":"entry","10":"gs-1","11":"gs-odd","12":"gs-even","13":"gs-featured-content-entry"},"jetpack_featured_media_url":"https:\/\/www.redenoticia.com.br\/noticia\/imagens\/economia-resultados.jpg","jetpack_sharing_enabled":true,"jetpack_likes_enabled":true,"_links":{"self":[{"href":"https:\/\/www.redenoticia.com.br\/noticia\/wp-json\/wp\/v2\/posts\/116153","targetHints":{"allow":["GET"]}}],"collection":[{"href":"https:\/\/www.redenoticia.com.br\/noticia\/wp-json\/wp\/v2\/posts"}],"about":[{"href":"https:\/\/www.redenoticia.com.br\/noticia\/wp-json\/wp\/v2\/types\/post"}],"author":[{"embeddable":true,"href":"https:\/\/www.redenoticia.com.br\/noticia\/wp-json\/wp\/v2\/users\/2"}],"replies":[{"embeddable":true,"href":"https:\/\/www.redenoticia.com.br\/noticia\/wp-json\/wp\/v2\/comments?post=116153"}],"version-history":[{"count":0,"href":"https:\/\/www.redenoticia.com.br\/noticia\/wp-json\/wp\/v2\/posts\/116153\/revisions"}],"wp:featuredmedia":[{"embeddable":true,"href":"https:\/\/www.redenoticia.com.br\/noticia\/wp-json\/wp\/v2\/media\/40734"}],"wp:attachment":[{"href":"https:\/\/www.redenoticia.com.br\/noticia\/wp-json\/wp\/v2\/media?parent=116153"}],"wp:term":[{"taxonomy":"category","embeddable":true,"href":"https:\/\/www.redenoticia.com.br\/noticia\/wp-json\/wp\/v2\/categories?post=116153"},{"taxonomy":"post_tag","embeddable":true,"href":"https:\/\/www.redenoticia.com.br\/noticia\/wp-json\/wp\/v2\/tags?post=116153"}],"curies":[{"name":"wp","href":"https:\/\/api.w.org\/{rel}","templated":true}]}}