{"id":116034,"date":"2017-06-29T00:10:40","date_gmt":"2017-06-29T03:10:40","guid":{"rendered":"https:\/\/www.redenoticia.com.br\/noticia\/?p=116034"},"modified":"2017-06-28T13:45:01","modified_gmt":"2017-06-28T16:45:01","slug":"tcu-gastos-com-beneficios-tributarios-crescem-133-entre-2009-e-2016","status":"publish","type":"post","link":"https:\/\/www.redenoticia.com.br\/noticia\/2017\/tcu-gastos-com-beneficios-tributarios-crescem-133-entre-2009-e-2016\/116034","title":{"rendered":"TCU: gastos com benef\u00edcios tribut\u00e1rios crescem 133% entre 2009 e 2016"},"content":{"rendered":"<p> Os gastos do governo federal com a concess\u00e3o de <strong><em>benef\u00edcios tribut\u00e1rios<\/em><\/strong> cresceram 133% entre 2009 e 2016, em valores absolutos, segundo o ministro do Tribunal de Contas da Uni\u00e3o (TCU), Bruno Dantas, relator do processo de an\u00e1lise das presta\u00e7\u00f5es de contas da ex-presidenta Dilma Rousseff e do presidente Michel Temer.<\/p>\n<p>Em sess\u00e3o extraordin\u00e1ria realizada para apreciar das contas do governo entre 1\u00ba de janeiro e 31 de dezembro de 2016, o ministro afirmou que, de 2009 a 2016, as ren\u00fancias tribut\u00e1rias cresceram 18% em rela\u00e7\u00e3o ao Produto Interno Bruto (PIB) e 24% em compara\u00e7\u00e3o \u00e0 arrecada\u00e7\u00e3o de receitas. Por outro lado, no ano passado, o total de benef\u00edcios recuou 2%.<\/p>\n<p>Segundo o ministro, a principal raz\u00e3o que levou o governo federal a ampliar os gastos tribut\u00e1rios (gastos indiretos, realizados por interm\u00e9dio do sistema tribut\u00e1rio) foi o financiamento de  pol\u00edticas p\u00fablicas.<\/p>\n<p>\u201cAo longo dos \u00faltimos anos tem se intensificado a utiliza\u00e7\u00e3o de ren\u00fancia tribut\u00e1rias como instrumento de financiamento de pol\u00edticas p\u00fablicas\u201d, afirmou o ministro, que se disse impressionado com as cifras envolvidas.<\/p>\n<p>\u201cEm 2016, o montante projetado alcan\u00e7ou, pasmem, R$ 377,8 bi, entre benef\u00edcios tribut\u00e1rios, previdenci\u00e1rios, financeiros e credit\u00edcios, superando as despesas or\u00e7ament\u00e1rias com Sa\u00fade e Educa\u00e7\u00e3o &#8211; que, somadas, totalizam R$ 215 bi.\u201d<\/p>\n<p>De acordo com Dantas, somente entre 2012 e 2016, o montante de gastos tribut\u00e1rios cresceu cerca de 49%. A evolu\u00e7\u00e3o dos gastos tribut\u00e1rios com a concess\u00e3o de benef\u00edcios tribut\u00e1rios constitui, para o ministro, \u201cinfra\u00e7\u00e3o relevante\u201d e tem o poder de &#8220;impactar significativamente&#8221; o resultado fiscal.<\/p>\n<p>Em raz\u00e3o da particularidade pol\u00edtica de 2016, quando dois mandat\u00e1rios ocuparam a Presid\u00eancia da Rep\u00fablica (a ex-presidenta Dilma Rousseff foi afastada do cargo em maio do ano passado para se defender em processo de impeachment e foi sucedida por seu vice, Michel Temer, que assumiu, o TCU, emitir\u00e1 dois pareceres pr\u00e9vios: um, relativo \u00e0s contas de Dilma Rousseff e outro, relativo \u00e0s contas de Temer. O objetivo, segundo o ministro-relator, \u00e9 individualizar as responsabilidades para cada per\u00edodo de gest\u00e3o.<\/p>\n<p>\u201cA emiss\u00e3o de dois pareceres n\u00e3o foi uma mera vontade, um mero capricho do relator. Est\u00e1 respaldada em entendimento da Comiss\u00e3o Mista de Planos, Or\u00e7amentos P\u00fablicos e Fiscaliza\u00e7\u00e3o Financeira do Congresso Nacional ao analisar as contas do governo, em 1992\u201d, afirmou Dantas, informando que o Balan\u00e7o Geral da Uni\u00e3o englobar\u00e1 todo o ano passado.<\/p>\n<p>Alex Rodrigues \u2013 Rep\u00f3rter da Ag\u00eancia Brasil<br \/>\nEdi\u00e7\u00e3o: Maria Claudia<br \/>\n29\/06\/2017<\/p>\n","protected":false},"excerpt":{"rendered":"<p>Os gastos do governo federal com a concess\u00e3o de benef\u00edcios tribut\u00e1rios cresceram 133% entre 2009 e 2016, em valores absolutos, segundo o ministro do Tribunal de Contas da Uni\u00e3o (TCU), Bruno Dantas, relator do processo de an\u00e1lise das presta\u00e7\u00f5es de contas da ex-presidenta Dilma Rousseff e do presidente Michel Temer. Em sess\u00e3o extraordin\u00e1ria realizada para [&hellip;]<\/p>\n","protected":false},"author":2,"featured_media":57583,"comment_status":"open","ping_status":"closed","sticky":false,"template":"","format":"standard","meta":{"_genesis_hide_title":false,"_genesis_hide_breadcrumbs":false,"_genesis_hide_singular_image":false,"_genesis_hide_footer_widgets":false,"_genesis_custom_body_class":"","_genesis_custom_post_class":"","_genesis_layout":"","_jetpack_memberships_contains_paid_content":false,"footnotes":""},"categories":[22,7],"tags":[],"class_list":{"0":"post-116034","1":"post","2":"type-post","3":"status-publish","4":"format-standard","5":"has-post-thumbnail","7":"category-brasil","8":"category-economia","9":"entry","10":"gs-1","11":"gs-odd","12":"gs-even","13":"gs-featured-content-entry"},"jetpack_featured_media_url":"https:\/\/www.redenoticia.com.br\/noticia\/imagens\/economia-grafico.jpg","jetpack_sharing_enabled":true,"jetpack_likes_enabled":true,"_links":{"self":[{"href":"https:\/\/www.redenoticia.com.br\/noticia\/wp-json\/wp\/v2\/posts\/116034","targetHints":{"allow":["GET"]}}],"collection":[{"href":"https:\/\/www.redenoticia.com.br\/noticia\/wp-json\/wp\/v2\/posts"}],"about":[{"href":"https:\/\/www.redenoticia.com.br\/noticia\/wp-json\/wp\/v2\/types\/post"}],"author":[{"embeddable":true,"href":"https:\/\/www.redenoticia.com.br\/noticia\/wp-json\/wp\/v2\/users\/2"}],"replies":[{"embeddable":true,"href":"https:\/\/www.redenoticia.com.br\/noticia\/wp-json\/wp\/v2\/comments?post=116034"}],"version-history":[{"count":0,"href":"https:\/\/www.redenoticia.com.br\/noticia\/wp-json\/wp\/v2\/posts\/116034\/revisions"}],"wp:featuredmedia":[{"embeddable":true,"href":"https:\/\/www.redenoticia.com.br\/noticia\/wp-json\/wp\/v2\/media\/57583"}],"wp:attachment":[{"href":"https:\/\/www.redenoticia.com.br\/noticia\/wp-json\/wp\/v2\/media?parent=116034"}],"wp:term":[{"taxonomy":"category","embeddable":true,"href":"https:\/\/www.redenoticia.com.br\/noticia\/wp-json\/wp\/v2\/categories?post=116034"},{"taxonomy":"post_tag","embeddable":true,"href":"https:\/\/www.redenoticia.com.br\/noticia\/wp-json\/wp\/v2\/tags?post=116034"}],"curies":[{"name":"wp","href":"https:\/\/api.w.org\/{rel}","templated":true}]}}