{"id":116032,"date":"2017-06-29T00:09:34","date_gmt":"2017-06-29T03:09:34","guid":{"rendered":"https:\/\/www.redenoticia.com.br\/noticia\/?p=116032"},"modified":"2017-06-28T13:43:36","modified_gmt":"2017-06-28T16:43:36","slug":"grande-sao-paulo-registra-212-milhoes-de-desempregados-em-maio","status":"publish","type":"post","link":"https:\/\/www.redenoticia.com.br\/noticia\/2017\/grande-sao-paulo-registra-212-milhoes-de-desempregados-em-maio\/116032","title":{"rendered":"Grande S\u00e3o Paulo registra 2,12 milh\u00f5es de desempregados em maio"},"content":{"rendered":"<p> A regi\u00e3o metropolitana de S\u00e3o Paulo atingiu em maio 2,12 milh\u00f5es de <strong><em>desempregados<\/em><\/strong>, segundo a Pesquisa de Emprego e Desemprego divulgada pela Funda\u00e7\u00e3o Sistema Estadual de An\u00e1lise de Dados e pelo Departamento Intersindical de Estat\u00edstica e Estudos Socioecon\u00f4micos. O n\u00famero representa uma ligeira alta no percentual de desocupados, que passou de 18,6% em abril para 18,8%.<\/p>\n<p>Em compara\u00e7\u00e3o a maio de 2016, o resultado apresenta um crescimento de 7,2% no n\u00famero de desempregados, o que representa 142 mil pessoas. O munic\u00edpio de S\u00e3o Paulo teve uma pequena queda entre abril e maio passando de 18,6% para 18,3%. Na sub-regi\u00e3o leste, que inclu\u00ed as cidades de Guarulhos e Mogi das Cruzes, houve um crescimento de 19,9% para 21,8%, no mesmo per\u00edodo.<\/p>\n<p>A constru\u00e7\u00e3o civil fechou 17 mil postos de trabalho entre abril e maio, registrando uma queda de -2,8% no n\u00edvel de atividade. No setor de servi\u00e7os os cortes registraram 39 mil vagas, uma retra\u00e7\u00e3o de 0,7%.<\/p>\n<p>As quedas foram compensadas pela gera\u00e7\u00e3o de 38 mil empregos na ind\u00fastria de transforma\u00e7\u00e3o, uma eleva\u00e7\u00e3o de 2,9%. O com\u00e9rcio e repara\u00e7\u00e3o de ve\u00edculos automotores teve 11 mil vagas, um crescimento de 0,7%.<\/p>\n<p>Os rendimentos m\u00e9dios dos trabalhadores registram queda de -2,7% em abril deste ano em compara\u00e7\u00e3o com o mesmo m\u00eas de 2016, ficando em R$ 2.002. A ind\u00fastria de transforma\u00e7\u00e3o teve a maior queda na m\u00e9dia das remunera\u00e7\u00f5es (-7,5%), que ficou em R$ 2.028.<\/p>\n<p>Daniel Mello &#8211; Rep\u00f3rter da Ag\u00eancia Brasil<br \/>\nEdi\u00e7\u00e3o: Val\u00e9ria Aguiar<br \/>\n29\/06\/2017<\/p>\n","protected":false},"excerpt":{"rendered":"<p>A regi\u00e3o metropolitana de S\u00e3o Paulo atingiu em maio 2,12 milh\u00f5es de desempregados, segundo a Pesquisa de Emprego e Desemprego divulgada pela Funda\u00e7\u00e3o Sistema Estadual de An\u00e1lise de Dados e pelo Departamento Intersindical de Estat\u00edstica e Estudos Socioecon\u00f4micos. O n\u00famero representa uma ligeira alta no percentual de desocupados, que passou de 18,6% em abril para [&hellip;]<\/p>\n","protected":false},"author":2,"featured_media":57582,"comment_status":"open","ping_status":"closed","sticky":false,"template":"","format":"standard","meta":{"_genesis_hide_title":false,"_genesis_hide_breadcrumbs":false,"_genesis_hide_singular_image":false,"_genesis_hide_footer_widgets":false,"_genesis_custom_body_class":"","_genesis_custom_post_class":"","_genesis_layout":"","_jetpack_memberships_contains_paid_content":false,"footnotes":""},"categories":[22,7],"tags":[],"class_list":{"0":"post-116032","1":"post","2":"type-post","3":"status-publish","4":"format-standard","5":"has-post-thumbnail","7":"category-brasil","8":"category-economia","9":"entry","10":"gs-1","11":"gs-odd","12":"gs-even","13":"gs-featured-content-entry"},"jetpack_featured_media_url":"https:\/\/www.redenoticia.com.br\/noticia\/imagens\/grafico1.jpg","jetpack_sharing_enabled":true,"jetpack_likes_enabled":true,"_links":{"self":[{"href":"https:\/\/www.redenoticia.com.br\/noticia\/wp-json\/wp\/v2\/posts\/116032","targetHints":{"allow":["GET"]}}],"collection":[{"href":"https:\/\/www.redenoticia.com.br\/noticia\/wp-json\/wp\/v2\/posts"}],"about":[{"href":"https:\/\/www.redenoticia.com.br\/noticia\/wp-json\/wp\/v2\/types\/post"}],"author":[{"embeddable":true,"href":"https:\/\/www.redenoticia.com.br\/noticia\/wp-json\/wp\/v2\/users\/2"}],"replies":[{"embeddable":true,"href":"https:\/\/www.redenoticia.com.br\/noticia\/wp-json\/wp\/v2\/comments?post=116032"}],"version-history":[{"count":0,"href":"https:\/\/www.redenoticia.com.br\/noticia\/wp-json\/wp\/v2\/posts\/116032\/revisions"}],"wp:featuredmedia":[{"embeddable":true,"href":"https:\/\/www.redenoticia.com.br\/noticia\/wp-json\/wp\/v2\/media\/57582"}],"wp:attachment":[{"href":"https:\/\/www.redenoticia.com.br\/noticia\/wp-json\/wp\/v2\/media?parent=116032"}],"wp:term":[{"taxonomy":"category","embeddable":true,"href":"https:\/\/www.redenoticia.com.br\/noticia\/wp-json\/wp\/v2\/categories?post=116032"},{"taxonomy":"post_tag","embeddable":true,"href":"https:\/\/www.redenoticia.com.br\/noticia\/wp-json\/wp\/v2\/tags?post=116032"}],"curies":[{"name":"wp","href":"https:\/\/api.w.org\/{rel}","templated":true}]}}